{"id":132,"date":"2018-03-08T08:33:21","date_gmt":"2018-03-08T08:33:21","guid":{"rendered":"http:\/\/nataliasanguino.com\/?p=132"},"modified":"2018-03-08T08:33:21","modified_gmt":"2018-03-08T08:33:21","slug":"nos-vemos-la-calle","status":"publish","type":"post","link":"https:\/\/nataliasanguino.com\/?p=132","title":{"rendered":"Nos vemos en la calle"},"content":{"rendered":"<p>Podr\u00eda retomar tantas entradas escritas ya\u2026 Hace tanto.<\/p>\n<p>Escribo mucho sobre la mujer, sobre feminismo. No siempre en el d\u00eda de la mujer, aunque s\u00ed recuerdo ese \u201c<a href=\"http:\/\/nataliasanguino.com\/?p=49\" target=\"_blank\">felicidades de qu\u00e9<\/a>\u201d cuando las felicitaciones que no entend\u00eda me hartaron. Otra vez, en mi anterior blog, escrib\u00ed sobre mujeres flor que buscan hombres roble para que les den sombra, que pretend\u00eda subrayar la libertad femenina y alejar la idea rom\u00e1ntica de los celos, de la debilidad de la mujer frente al hombre y de su necesidad de protecci\u00f3n. No necesito que me protejan. Estrictamente, no necesito que me respeten. Deben respetarme como ser humano, pero mis necesidades no dependen de las de los hombres. Nunca lo han hecho. A eso ayuda algo clave, de lo que no fui consciente hasta ser adulta: la educaci\u00f3n. Tu casa, tus padres, mis lecturas adem\u00e1s en mi caso, saber por intuici\u00f3n qu\u00e9 era lo que no quer\u00edas. Siempre me defin\u00ed como feminista, no como desaf\u00edo sino como conciencia de que era la \u00fanica manera de no tener que bajar la mirada.<\/p>\n<p>Hoy, 8 de marzo de 2018, por fin hay mucho que festejar. Aunque una parte del capitalismo en forma de industria de la moda se haya sumado al feminismo, hoy \u00e9ste no parece algo antiguo y lejano. Incluso una apisonadora como Hollywood se ha puesto en pie, harta, d\u00e1ndole a millones de mujeres en todo el mundo un interruptor que no sab\u00edan que exist\u00eda. \u201cCo\u00f1o, es que a m\u00ed tambi\u00e9n me ha pasado\u201d.<\/p>\n<p>Nunca me plante\u00e9 no ser feminista. Lo era por l\u00f3gica, igual que la l\u00f3gica siempre me ha hecho de izquierdas. Igual que tantas cosas que creo que hay que defender, como la educaci\u00f3n y la sanidad p\u00fablicas, eso s\u00ed que son \u00e1rboles a tener en cuenta y no los hombres que van y vienen.<\/p>\n<p>Y no es que en mi casa mi madre fuera recitando a Simone de Beauvoir, sino que jam\u00e1s se me educ\u00f3 haci\u00e9ndome ver que era inferior a nadie. Repito la clave, por si no queda clara: educaci\u00f3n.<\/p>\n<figure id=\"attachment_136\" aria-describedby=\"caption-attachment-136\" style=\"width: 300px\" class=\"wp-caption alignnone\"><img decoding=\"async\" loading=\"lazy\" class=\"size-medium wp-image-136\" src=\"http:\/\/nataliasanguino.com\/wp-content\/uploads\/2018\/03\/IMG_9803-300x213.jpg\" alt=\"Una de las pintadas callejeras que me gusta guardar. Un sue\u00f1o, una posibilidad. Autor\/a del dibujo desconocid@\" width=\"300\" height=\"213\" srcset=\"https:\/\/nataliasanguino.com\/wp-content\/uploads\/2018\/03\/IMG_9803-300x213.jpg 300w, https:\/\/nataliasanguino.com\/wp-content\/uploads\/2018\/03\/IMG_9803-768x544.jpg 768w, https:\/\/nataliasanguino.com\/wp-content\/uploads\/2018\/03\/IMG_9803-1024x726.jpg 1024w, https:\/\/nataliasanguino.com\/wp-content\/uploads\/2018\/03\/IMG_9803-494x350.jpg 494w\" sizes=\"(max-width: 300px) 100vw, 300px\" \/><figcaption id=\"caption-attachment-136\" class=\"wp-caption-text\">Una de las pintadas callejeras que me gusta guardar. Un sue\u00f1o, una posibilidad. Autor\/a del dibujo desconocid@<\/figcaption><\/figure>\n<p>El feminismo se va actualizando, se moldea igual que durante tantos a\u00f1os las mujeres aprendimos a saber cu\u00e1ndo callar, cu\u00e1ndo intervenir, cu\u00e1ndo influir. El hombre est\u00e1 acostumbrado a lo suyo por derecho (igual que ahora no entienden en algunos casos estar excluidos de la huelga, c\u00f3mo van a estar fuera de algo, si siempre est\u00e1n dentro, y lo digo con todo el cari\u00f1o del mundo a los amigos con los que he hablado de esto) y la mujer saborea cada conquista. Son maravillosos tiempos para el feminismo, estas redes sociales que me suponen un fastidio porque guardo muchas dobleces y recovecos, en este caso, sirven de trampol\u00edn soberbio, donde adem\u00e1s todo queda bonito.<\/p>\n<p>No nos durmamos, sin embargo, creyendo que est\u00e1 todo hecho. Repito la palabra educaci\u00f3n, que es necesaria a diario en ni\u00f1os y adultos (nunca dejamos de aprender) y tanto mujeres como hombres no podemos dejar de afear los comentarios y las conductas que perpet\u00faen un sistema caduco, aburrido, injusto, que no nos corresponde ya. Es dif\u00edcil huir de relaciones y personas da\u00f1inas, es complicado distinguir lo t\u00f3xico, saber cuando empezar a huir. No pasa nada, hay amigas, amigos, libros, especialistas para ense\u00f1arnos. Nunca dejamos de aprender (educaci\u00f3n es el mantra de este texto) y no podemos dejar de ense\u00f1ar.<\/p>\n<p>El riesgo es que nos creamos que con hacer ruido ya est\u00e1 todo. Que nos pensemos que no existe el machismo ya o que los machistas no se dejan ver y no sigamos peleando. Que el <a href=\"http:\/\/nataliasanguino.com\/?p=114\" target=\"_blank\">#MeToo<\/a> quede en una moda y no en un cambio estructural real a largo plazo.<\/p>\n<p>Vi en Instagram una pol\u00e9mica porque un grupo de yoga organizaba una clase (secret yoga, no pregunt\u00e9is porque no s\u00e9 m\u00e1s) justo a la hora de la manifestaci\u00f3n en Madrid, con lo que muchas usuarias protestaron diciendo que no era esa la manera de apoyar a la mujer en su lucha, en su marcha. La defensa, seg\u00fan me cuenta una amiga, es que lo organizaron para \u201cmujeres luchadoras\u201d. No, se\u00f1ores: lo organizan para mujeres a quienes les da igual la pelea, la calle, la manifestaci\u00f3n, la reivindicaci\u00f3n. Es decir, mujeres no luchadoras.<\/p>\n<p>No os fi\u00e9is de quien dice que no va a la manifestaci\u00f3n o no hace huelga porque \u201cyo lucho todos los d\u00edas\u201d. Por una vez, por este a\u00f1o en que la marea feminista parece estar calando, no pod\u00e9is utilizar ese argumento. Lucha, s\u00ed, pero s\u00e9 consciente a nivel social de tu importancia individual. Porque estamos hartas, porque a todas nos pasa, porque <a href=\"http:\/\/nataliasanguino.com\/?p=119\" target=\"_blank\">el tiempo ha llegado, el tiempo se acab\u00f3<\/a>.<\/p>\n<p>Claro que <a href=\"http:\/\/nataliasanguino.com\/?p=94\" target=\"_blank\">no estoy de acuerdo con<\/a> ciertos aspectos de algunas ramas del feminismo, podemos debatir sobre ellos cuando quer\u00e1is (entiendo que la huelga sea solo de mujeres para destacar su ausencia en los puestos de trabajo, pero quitando la parte de la pancarta, creo que la manifestaci\u00f3n deber\u00eda ser mixta) pero los respeto en la convocatoria de la marcha, faltar\u00eda m\u00e1s.<\/p>\n<p><img decoding=\"async\" loading=\"lazy\" class=\"alignnone size-medium wp-image-137\" src=\"http:\/\/nataliasanguino.com\/wp-content\/uploads\/2018\/03\/1476887671737-300x300.jpg\" alt=\"Loco, \u00bfeh?\" width=\"300\" height=\"300\" srcset=\"https:\/\/nataliasanguino.com\/wp-content\/uploads\/2018\/03\/1476887671737-300x300.jpg 300w, https:\/\/nataliasanguino.com\/wp-content\/uploads\/2018\/03\/1476887671737-150x150.jpg 150w, https:\/\/nataliasanguino.com\/wp-content\/uploads\/2018\/03\/1476887671737.jpg 324w\" sizes=\"(max-width: 300px) 100vw, 300px\" \/><\/p>\n<p>Si no crees que las mujeres, por ser mujer, por nacer y ser educadas como tales, son discriminadas por el propio sistema, <a href=\"http:\/\/nataliasanguino.com\/?p=105\" target=\"_blank\">tratadas como idiotas<\/a> por las propias revistas de moda y la parte de la industria que a ellas se dirige, si crees que no hay un problema, entonces eres parte de ese problema. Quiz\u00e1 escueza, pero esta herida se cura reflexionando, no pasa nada.<\/p>\n<p>No teng\u00e1is miedo porque no se trata de ser feminazis, no, ni de exagerar, ni de que se te vaya la intenci\u00f3n, sino de reivindicar igualdad salarial, igualdad de trato, el derecho a volver a casa solas, de madrugada, sin el miedo a quien venga detr\u00e1s. El derecho a que ning\u00fan baboso te diga nada al o\u00eddo cuando vas por la calle y tienes 15 a\u00f1os y conoces un miedo que los hombres no entienden, pero que t\u00fa asumes como parte de ser mujer, llegando a culpabilizarte a ti misma por vestir de una manera o ir por una calle determinada.<\/p>\n<p>Se trata de feminismo, de lucha hist\u00f3rica, no del exterminio masculino como parece que algunos piensan. Que a una mujer no se le cuestionen por sistema sus decisiones personales cuando \u00e9stas no entran dentro de tener boda e hijos.<\/p>\n<p>Es feminismo, no izquierda o derecha. No estoy de acuerdo con que el feminismo sea de izquierdas, o quiz\u00e1 soy demasiado diplom\u00e1tica o idealista, no lo s\u00e9. Quiz\u00e1 creo que es posible una derecha que en este pa\u00eds no existe. S\u00ed es el feminismo de izquierdas en un pa\u00eds donde la derecha va de la mano de la iglesia, uno de los estamentos m\u00e1s injustos con la mujer. Pero no veo por qu\u00e9 un conservadurismo econ\u00f3mico y pol\u00edtico tiene que afectar a la mujer. Por eso me enfada profundamente que, igual que esos se\u00f1ores se adue\u00f1aron de la bandera de Espa\u00f1a, ahora, h\u00e1bilmente, los due\u00f1os de la derecha m\u00e1s rancia hayan empujado la huelga y la marcha feminista a las filas de izquierda, alejando as\u00ed a las mujeres conservadoras de esa lucha. Mujeres conservadoras. Igual s\u00ed el feminismo es de izquierdas.<\/p>\n<p>Voy cerrando:<\/p>\n<p>Porque una sociedad moderna no puede tener a la mitad de su poblaci\u00f3n explicando los motivos de una huelga, de su reivindicaci\u00f3n, de su hartazgo. Porque si seguimos protestando es porque hay motivos para hacerlo, hay frases, hay risitas, hay comportamientos y hay una profunda incomprensi\u00f3n por nuestra parte. Si yo te miro a los ojos con toda la confianza del mundo, \u00bfpor qu\u00e9 t\u00fa sigues creyendo que est\u00e1s por encima?<\/p>\n<p>No dej\u00e9is de leer, de pensar, de buscar, de hablar, de mirar a vuestro alrededor y observar con respeto. No pasa nada por darnos cuenta de que hemos tenido comportamientos machistas en el pasado, reacciones con tufo machista incluso hoy. La sociedad es machista y vivimos en ella. Pero con esa educaci\u00f3n y esas ganas de cambiarlo, poco a poco, todo se puede. Conciencia y paciencia. Por qu\u00e9 no. Porque el tiempo ha llegado, porque el tiempo se acab\u00f3.<\/p>\n<p>Nos vemos en la calle.<\/p>\n","protected":false},"excerpt":{"rendered":"<p>Podr\u00eda retomar tantas entradas escritas ya\u2026 Hace tanto. Escribo mucho sobre la mujer, sobre feminismo. No siempre en el d\u00eda de la mujer, aunque s\u00ed&#8230;<\/p>\n<p><a class='more-link' href='https:\/\/nataliasanguino.com\/?p=132'>Leer m\u00e1s...<span class='screen-reader-text'>Nos vemos en la calle<\/span><\/a><\/p>","protected":false},"author":1,"featured_media":133,"comment_status":"open","ping_status":"open","sticky":false,"template":"","format":"standard","meta":[],"categories":[7,58],"tags":[65,68,69,70,67,71,64,66,35,49],"yoast_head":"<!-- This site is optimized with the Yoast SEO plugin v15.0 - https:\/\/yoast.com\/wordpress\/plugins\/seo\/ -->\n<title>Nos vemos en la calle - Natalia Sanguino<\/title>\n<meta name=\"robots\" content=\"index, follow, max-snippet:-1, max-image-preview:large, max-video-preview:-1\" \/>\n<link rel=\"canonical\" href=\"http:\/\/nataliasanguino.com\/?p=132\" \/>\n<meta property=\"og:locale\" content=\"es_ES\" \/>\n<meta property=\"og:type\" content=\"article\" \/>\n<meta property=\"og:title\" content=\"Nos vemos en la calle - Natalia Sanguino\" \/>\n<meta property=\"og:description\" content=\"Podr\u00eda retomar tantas entradas escritas ya\u2026 Hace tanto. Escribo mucho sobre la mujer, sobre feminismo. No siempre en el d\u00eda de la mujer, aunque s\u00ed&#8230;\" \/>\n<meta property=\"og:url\" content=\"http:\/\/nataliasanguino.com\/?p=132\" \/>\n<meta property=\"og:site_name\" content=\"Natalia Sanguino\" \/>\n<meta property=\"article:published_time\" content=\"2018-03-08T08:33:21+00:00\" \/>\n<meta property=\"og:image\" content=\"https:\/\/nataliasanguino.com\/wp-content\/uploads\/2018\/03\/cartel_huelga_castellanofoto.jpg\" \/>\n\t<meta property=\"og:image:width\" content=\"1233\" \/>\n\t<meta property=\"og:image:height\" content=\"1244\" \/>\n<meta name=\"twitter:card\" content=\"summary\" \/>\n<meta name=\"twitter:creator\" content=\"@QuietBrown\" \/>\n<meta name=\"twitter:site\" content=\"@QuietBrown\" \/>\n<script type=\"application\/ld+json\" class=\"yoast-schema-graph\">{\"@context\":\"https:\/\/schema.org\",\"@graph\":[{\"@type\":\"WebSite\",\"@id\":\"https:\/\/nataliasanguino.com\/#website\",\"url\":\"https:\/\/nataliasanguino.com\/\",\"name\":\"Natalia Sanguino\",\"description\":\"\",\"potentialAction\":[{\"@type\":\"SearchAction\",\"target\":\"https:\/\/nataliasanguino.com\/?s={search_term_string}\",\"query-input\":\"required name=search_term_string\"}],\"inLanguage\":\"es\"},{\"@type\":\"ImageObject\",\"@id\":\"http:\/\/nataliasanguino.com\/?p=132#primaryimage\",\"inLanguage\":\"es\",\"url\":\"https:\/\/nataliasanguino.com\/wp-content\/uploads\/2018\/03\/cartel_huelga_castellanofoto.jpg\",\"width\":1233,\"height\":1244},{\"@type\":\"WebPage\",\"@id\":\"http:\/\/nataliasanguino.com\/?p=132#webpage\",\"url\":\"http:\/\/nataliasanguino.com\/?p=132\",\"name\":\"Nos vemos en la calle - Natalia Sanguino\",\"isPartOf\":{\"@id\":\"https:\/\/nataliasanguino.com\/#website\"},\"primaryImageOfPage\":{\"@id\":\"http:\/\/nataliasanguino.com\/?p=132#primaryimage\"},\"datePublished\":\"2018-03-08T08:33:21+00:00\",\"dateModified\":\"2018-03-08T08:33:21+00:00\",\"author\":{\"@id\":\"https:\/\/nataliasanguino.com\/#\/schema\/person\/e4009491d58235c00369a59fff42ee69\"},\"inLanguage\":\"es\",\"potentialAction\":[{\"@type\":\"ReadAction\",\"target\":[\"http:\/\/nataliasanguino.com\/?p=132\"]}]},{\"@type\":\"Person\",\"@id\":\"https:\/\/nataliasanguino.com\/#\/schema\/person\/e4009491d58235c00369a59fff42ee69\",\"name\":\"Natalia Sanguino\",\"image\":{\"@type\":\"ImageObject\",\"@id\":\"https:\/\/nataliasanguino.com\/#personlogo\",\"inLanguage\":\"es\",\"url\":\"https:\/\/secure.gravatar.com\/avatar\/21bd275e338dfa8aa961e032211a6f39?s=96&d=mm&r=g\",\"caption\":\"Natalia Sanguino\"}}]}<\/script>\n<!-- \/ Yoast SEO plugin. -->","_links":{"self":[{"href":"https:\/\/nataliasanguino.com\/index.php?rest_route=\/wp\/v2\/posts\/132"}],"collection":[{"href":"https:\/\/nataliasanguino.com\/index.php?rest_route=\/wp\/v2\/posts"}],"about":[{"href":"https:\/\/nataliasanguino.com\/index.php?rest_route=\/wp\/v2\/types\/post"}],"author":[{"embeddable":true,"href":"https:\/\/nataliasanguino.com\/index.php?rest_route=\/wp\/v2\/users\/1"}],"replies":[{"embeddable":true,"href":"https:\/\/nataliasanguino.com\/index.php?rest_route=%2Fwp%2Fv2%2Fcomments&post=132"}],"version-history":[{"count":3,"href":"https:\/\/nataliasanguino.com\/index.php?rest_route=\/wp\/v2\/posts\/132\/revisions"}],"predecessor-version":[{"id":138,"href":"https:\/\/nataliasanguino.com\/index.php?rest_route=\/wp\/v2\/posts\/132\/revisions\/138"}],"wp:featuredmedia":[{"embeddable":true,"href":"https:\/\/nataliasanguino.com\/index.php?rest_route=\/wp\/v2\/media\/133"}],"wp:attachment":[{"href":"https:\/\/nataliasanguino.com\/index.php?rest_route=%2Fwp%2Fv2%2Fmedia&parent=132"}],"wp:term":[{"taxonomy":"category","embeddable":true,"href":"https:\/\/nataliasanguino.com\/index.php?rest_route=%2Fwp%2Fv2%2Fcategories&post=132"},{"taxonomy":"post_tag","embeddable":true,"href":"https:\/\/nataliasanguino.com\/index.php?rest_route=%2Fwp%2Fv2%2Ftags&post=132"}],"curies":[{"name":"wp","href":"https:\/\/api.w.org\/{rel}","templated":true}]}}