{"id":203,"date":"2020-11-15T17:56:31","date_gmt":"2020-11-15T17:56:31","guid":{"rendered":"http:\/\/nataliasanguino.com\/?p=203"},"modified":"2020-11-15T17:56:33","modified_gmt":"2020-11-15T17:56:33","slug":"el-pasado-4-de-junio-lo-que-fue-lo-que-es","status":"publish","type":"post","link":"https:\/\/nataliasanguino.com\/?p=203","title":{"rendered":"El pasado 4 de junio. Lo que fue. Lo que es"},"content":{"rendered":"\n<p>LO QUE FUE<\/p>\n\n\n\n<p>Mala noche. Anoche, s\u00ed.&nbsp;<\/p>\n\n\n\n<p>Escribo esto el 4 de junio. Un d\u00eda como hoy, hace 32 a\u00f1os, estaba haciendo la comuni\u00f3n. Es de esas fechas absurdas, como los cumplea\u00f1os o los apellidos de la gente del colegio, que te sabes de memoria.&nbsp;<\/p>\n\n\n\n<p>Llevo unas cuantas noches regulares y otras tantas malas en el confinamiento. Bueno. <\/p>\n\n\n\n<p>Estoy lesionada. Otra vez. No corro, salgo a correr pero decido volver porque estoy lesionada y adem\u00e1s empieza a llover y hace fr\u00edo. Podr\u00eda ser septiembre, podr\u00edamos habernos saltado el verano. Total, no s\u00e9 qu\u00e9 ser\u00e1 de m\u00ed. Ni de ti. Y vosotros. Mucha gente me da igual. Asumo la mala ma\u00f1ana ahora, el mal d\u00eda, arrastrar\u00e9 la noche.<\/p>\n\n\n\n<p>Desayuno un salm\u00f3n que huele demasiado a mar, como dice \u201cel Rancio\u201d. Veo demasiado \u2018La que se avecina\u2019. Disfruto incluso los cap\u00edtulos repetidos y me gustan m\u00e1s los antiguos, los primeros, cuando a\u00fan se ve\u00edan los estereotipos y no era todo tan descabellado. Son cosas que me concedo durante la cuarentena. Tambi\u00e9n quedarme en la cama viendo subir el d\u00eda o cotillear las cuentas de est\u00fapidas influencers en Instagram, solo para pensar que son muy tontas. Me concedo m\u00e1s chocolate, una cerveza o un vino para cenar, para comer los findes. Una noche mala, previa a la mala noche, cayeron tres copas. Me perdono. \u00bfMe he perdonado m\u00e1s cosas en dos meses que en cuarenta a\u00f1os? Es posible.\u00a0<\/p>\n\n\n\n<p>Ahora sube el caf\u00e9. Huelo y escucho. Es un mantra, un amigo en el calor de la encimera. Tambi\u00e9n me gusta estar en la cama y que llegue el olor a caf\u00e9 de casa de la vecina.\u00a0<\/p>\n\n\n\n<p>Estoy tranquila, aunque me queda a\u00fan para estar tranquila, supongo. En este olor, esa luz que la mayor\u00eda de las ma\u00f1anas (hoy no) entra caprichosa por las diferentes estancias, que se asoma como algunos gorriones a las ventanas, me descubro calmada, quiz\u00e1 incluso dir\u00eda feliz.\u00a0<\/p>\n\n\n\n<p>Leo consejos para dormir o para motivarte y hacer cosas. Hace fr\u00edo, he dormido mal, me duele la pierna, lo hice todo bien ayer, da igual. Que da igual. Entiendo los consejos bienintencionados, los de los gur\u00fas de la vida perfecta. Que no es que me tomara un caf\u00e9 cargado antes de irme a la cama, que no. Todo lo hice. Pero esto es como el t\u00edpico amigo de la pandilla que t\u00fa dices que es gilipollas y el resto insiste en defenderle a veces solo por llevar la contraria\u2026 Hasta que tienen que asumirlo: idiota, sin salvaci\u00f3n. As\u00ed es el insomnio. Un amigo inoportuno que hace chistes malos.<\/p>\n\n\n\n<p>Apago la vitrocer\u00e1mica, miro por la ventana, pienso de nuevo en septiembre, fantaseo con d\u00f3nde habr\u00e9 pasado el verano. Asusto a un gorri\u00f3n, que sale volando. Simp\u00e1tico, peque\u00f1o.&nbsp;<\/p>\n\n\n\n<p>LO QUE ES. HOY, AL MENOS<\/p>\n\n\n\n<p>Noviembre, mediados. Retomo el texto. Tengo muchos textos a medias escritos, por eso volv\u00ed a publicar en el blog, porque escribir me resulta tan terap\u00e9utico como meditar y me relaja, aunque a veces me remueva. Vuelvo a empezar.\u00a0Esta frase ten\u00eda dos &#8216;porques&#8217; m\u00e1s, pero decido eliminarlos y pienso \u00absi algo tengo son razones, por una vez, y no preguntas\u00bb. Al carajo.<\/p>\n\n\n\n<p>Y retomo el texto porque me hizo gracia encontr\u00e1rmelo, ahora. Pas\u00f3 el verano, que empez\u00f3&#8230; movidito &#8211; eso ya lo cuento en otra ocasi\u00f3n &#8211; pero estamos a casi un mes del invierno, as\u00ed que ya est\u00e1. Sin m\u00e1s. <\/p>\n\n\n\n<p>\u00bfSeptiembre? Fue bajo cielo extreme\u00f1o, contando estrellas, hablando mucho, bebiendo rico, comiendo mejor. Los que vivimos solos y teletrabajamos hay muchos d\u00edas en los que no hablamos con nadie cara a cara, \u00bfalguien se para a pensar en esto cuando se toman medidas de confinamiento? No, quien decide esto tiene vidas medias, est\u00e1ndares familiares y marcos de fotos en exceso sobre el mueble para quitar el polvo. Bah.\u00a0<\/p>\n\n\n\n<p>Y sin embargo\u00a0ahora aprecio m\u00e1s el silencio, escribo esto en silencio total, sin m\u00fasica. Pero tambi\u00e9n digo que espero no convertirme en una loca mani\u00e1tica a fuerza de vivir sola, que es algo de lo que una no se da cuenta, claro: empiezas simplemente a ser irritante o est\u00fapida para los dem\u00e1s, imagino. S\u00ed, lo de hablar sola ya lo hago, pero no creo que eso me convierta en alguien especialmente m\u00e1s interesante o exc\u00e9ntrico. Hay quien destaca esa faceta de s\u00ed misma, \u201chablo sola, jajaja\u201d.\u00a0<\/p>\n\n\n\n<p>Nos empe\u00f1amos en subrayarnos, esto ya s\u00e9 que lo repito porque me intriga mucho, c\u00f3mo queremos lucirnos ante otros: hablo sola, huelo los libros varias veces mientras los voy leyendo, tengo ojeras siempre, me muerdo los padrastros (las cut\u00edculas \u00e9sas o como se llamen alrededor de la u\u00f1a), pero todo eso, sumado incluso, lo hacen millones de personas continuamente en todo el mundo. No me hace especial, aunque s\u00e9 que incluso as\u00ed grito \u201cmiradme\u201d como la gente que destaca presuntas rarezas sobre s\u00ed misma. Somos tan normales, en el fondo y en la superficie. Lo excepcional es el gorri\u00f3n de mi ventana, porque solo existe, solo vive y le da igual c\u00f3mo huelen los libros o si esta noche ha dormido poco.\u00a0<\/p>\n\n\n\n<p>Noviembre o junio, da igual. Cuando se nubla, se nubla.<\/p>\n","protected":false},"excerpt":{"rendered":"<p>LO QUE FUE Mala noche. Anoche, s\u00ed.&nbsp; Escribo esto el 4 de junio. Un d\u00eda como hoy, hace 32 a\u00f1os, estaba haciendo la comuni\u00f3n. Es&#8230;<\/p>\n<p><a class='more-link' href='https:\/\/nataliasanguino.com\/?p=203'>Leer m\u00e1s...<span class='screen-reader-text'>El pasado 4 de junio. Lo que fue. Lo que es<\/span><\/a><\/p>","protected":false},"author":1,"featured_media":204,"comment_status":"open","ping_status":"open","sticky":false,"template":"","format":"standard","meta":[],"categories":[38,58],"tags":[102,101,103],"yoast_head":"<!-- This site is optimized with the Yoast SEO plugin v15.0 - https:\/\/yoast.com\/wordpress\/plugins\/seo\/ -->\n<title>El pasado 4 de junio. Lo que fue. Lo que es - Natalia Sanguino<\/title>\n<meta name=\"description\" content=\"Lo que fue el 4 de junio pasado y lo que es en la actualidad\" \/>\n<meta name=\"robots\" content=\"index, follow, max-snippet:-1, max-image-preview:large, max-video-preview:-1\" \/>\n<link rel=\"canonical\" href=\"http:\/\/nataliasanguino.com\/?p=203\" \/>\n<meta property=\"og:locale\" content=\"es_ES\" \/>\n<meta property=\"og:type\" content=\"article\" \/>\n<meta property=\"og:title\" content=\"El pasado 4 de junio. Lo que fue. Lo que es - Natalia Sanguino\" \/>\n<meta property=\"og:description\" content=\"Lo que fue el 4 de junio pasado y lo que es en la actualidad\" \/>\n<meta property=\"og:url\" content=\"http:\/\/nataliasanguino.com\/?p=203\" \/>\n<meta property=\"og:site_name\" content=\"Natalia Sanguino\" \/>\n<meta property=\"article:published_time\" content=\"2020-11-15T17:56:31+00:00\" \/>\n<meta property=\"article:modified_time\" content=\"2020-11-15T17:56:33+00:00\" \/>\n<meta property=\"og:image\" content=\"https:\/\/nataliasanguino.com\/wp-content\/uploads\/2020\/11\/thumb_IMG_0641_1024.jpg\" \/>\n\t<meta property=\"og:image:width\" content=\"1086\" \/>\n\t<meta property=\"og:image:height\" content=\"724\" \/>\n<meta name=\"twitter:card\" content=\"summary\" \/>\n<meta name=\"twitter:creator\" content=\"@QuietBrown\" \/>\n<meta name=\"twitter:site\" content=\"@QuietBrown\" \/>\n<script type=\"application\/ld+json\" class=\"yoast-schema-graph\">{\"@context\":\"https:\/\/schema.org\",\"@graph\":[{\"@type\":\"WebSite\",\"@id\":\"https:\/\/nataliasanguino.com\/#website\",\"url\":\"https:\/\/nataliasanguino.com\/\",\"name\":\"Natalia Sanguino\",\"description\":\"\",\"potentialAction\":[{\"@type\":\"SearchAction\",\"target\":\"https:\/\/nataliasanguino.com\/?s={search_term_string}\",\"query-input\":\"required name=search_term_string\"}],\"inLanguage\":\"es\"},{\"@type\":\"ImageObject\",\"@id\":\"http:\/\/nataliasanguino.com\/?p=203#primaryimage\",\"inLanguage\":\"es\",\"url\":\"https:\/\/nataliasanguino.com\/wp-content\/uploads\/2020\/11\/thumb_IMG_0641_1024.jpg\",\"width\":1086,\"height\":724,\"caption\":\"Santorini, Grecia, 2017\"},{\"@type\":\"WebPage\",\"@id\":\"http:\/\/nataliasanguino.com\/?p=203#webpage\",\"url\":\"http:\/\/nataliasanguino.com\/?p=203\",\"name\":\"El pasado 4 de junio. Lo que fue. Lo que es - Natalia Sanguino\",\"isPartOf\":{\"@id\":\"https:\/\/nataliasanguino.com\/#website\"},\"primaryImageOfPage\":{\"@id\":\"http:\/\/nataliasanguino.com\/?p=203#primaryimage\"},\"datePublished\":\"2020-11-15T17:56:31+00:00\",\"dateModified\":\"2020-11-15T17:56:33+00:00\",\"author\":{\"@id\":\"https:\/\/nataliasanguino.com\/#\/schema\/person\/e4009491d58235c00369a59fff42ee69\"},\"description\":\"Lo que fue el 4 de junio pasado y lo que es en la actualidad\",\"inLanguage\":\"es\",\"potentialAction\":[{\"@type\":\"ReadAction\",\"target\":[\"http:\/\/nataliasanguino.com\/?p=203\"]}]},{\"@type\":\"Person\",\"@id\":\"https:\/\/nataliasanguino.com\/#\/schema\/person\/e4009491d58235c00369a59fff42ee69\",\"name\":\"Natalia Sanguino\",\"image\":{\"@type\":\"ImageObject\",\"@id\":\"https:\/\/nataliasanguino.com\/#personlogo\",\"inLanguage\":\"es\",\"url\":\"https:\/\/secure.gravatar.com\/avatar\/21bd275e338dfa8aa961e032211a6f39?s=96&d=mm&r=g\",\"caption\":\"Natalia Sanguino\"}}]}<\/script>\n<!-- \/ Yoast SEO plugin. -->","_links":{"self":[{"href":"https:\/\/nataliasanguino.com\/index.php?rest_route=\/wp\/v2\/posts\/203"}],"collection":[{"href":"https:\/\/nataliasanguino.com\/index.php?rest_route=\/wp\/v2\/posts"}],"about":[{"href":"https:\/\/nataliasanguino.com\/index.php?rest_route=\/wp\/v2\/types\/post"}],"author":[{"embeddable":true,"href":"https:\/\/nataliasanguino.com\/index.php?rest_route=\/wp\/v2\/users\/1"}],"replies":[{"embeddable":true,"href":"https:\/\/nataliasanguino.com\/index.php?rest_route=%2Fwp%2Fv2%2Fcomments&post=203"}],"version-history":[{"count":1,"href":"https:\/\/nataliasanguino.com\/index.php?rest_route=\/wp\/v2\/posts\/203\/revisions"}],"predecessor-version":[{"id":205,"href":"https:\/\/nataliasanguino.com\/index.php?rest_route=\/wp\/v2\/posts\/203\/revisions\/205"}],"wp:featuredmedia":[{"embeddable":true,"href":"https:\/\/nataliasanguino.com\/index.php?rest_route=\/wp\/v2\/media\/204"}],"wp:attachment":[{"href":"https:\/\/nataliasanguino.com\/index.php?rest_route=%2Fwp%2Fv2%2Fmedia&parent=203"}],"wp:term":[{"taxonomy":"category","embeddable":true,"href":"https:\/\/nataliasanguino.com\/index.php?rest_route=%2Fwp%2Fv2%2Fcategories&post=203"},{"taxonomy":"post_tag","embeddable":true,"href":"https:\/\/nataliasanguino.com\/index.php?rest_route=%2Fwp%2Fv2%2Ftags&post=203"}],"curies":[{"name":"wp","href":"https:\/\/api.w.org\/{rel}","templated":true}]}}