{"id":212,"date":"2020-12-13T13:38:45","date_gmt":"2020-12-13T13:38:45","guid":{"rendered":"http:\/\/nataliasanguino.com\/?p=212"},"modified":"2020-12-13T13:38:48","modified_gmt":"2020-12-13T13:38:48","slug":"de-idiotas-y-aviones","status":"publish","type":"post","link":"https:\/\/nataliasanguino.com\/?p=212","title":{"rendered":"De idiotas y aviones"},"content":{"rendered":"\n<h4 class=\"wp-block-heading\"><strong>Criticar por criticar<\/strong><\/h4>\n\n\n\n<p>Podemos viajar a la mayor parte del mundo metidos en aviones que pesan mucho pero vuelan. Bueno, pod\u00edamos y podremos. Aunque hay gente que sigue pudiendo porque s\u00ed. Por trabajo o \u00abpor trabajo\u00bb. Real o inventado. La palabra \u201csalvoconducto\u201d nunca fue utilizada con tanta frivolidad y tan poco sentido. Ll\u00e1malo justificante, so mam\u00f3n.<\/p>\n\n\n\n<p>\u201cTengo un salvoconducto del curro, puedo moverme por donde quiera\u201d. Inmune e impune (ojo que con esto te armo una poes\u00eda: \u201cinmune e impune, injusta y desarmada\u201d. Vomito y vuelvo). Vamos, que hay gente que viaja con toda su cara porque tiene un justificante. Lo llaman salvoconducto por memez. Me gustar\u00eda ver a quienes exhiben esos papeles con autosuficiencia ante situaciones donde utilizar salvoconductos de verdad: guerritis, moviditis serias. \u00daltimamente me ha dado por terminar las palabras con la \u201ci\u201d. No me pega nada, pero es mi modo de parecer inofensiva. \u00a0<\/p>\n\n\n\n<p>Solo mato cucarachas. Y con gusto.<\/p>\n\n\n\n<p>A m\u00ed no me gusta volar, lo cual es una putada. Me encantar\u00eda que me gustase, como me encantar\u00eda que me gustasen Dire Straits o Quique Gonz\u00e1lez. Disfrutar de los aeropuertos, escandalizarme por sus precios. Pero es que yo veo esos precios y pienso \u201cel avi\u00f3n se va a estrellar despu\u00e9s de pagar 5 euros por un caf\u00e9, puto d\u00eda llevo\u201d.<\/p>\n\n\n\n<h4 class=\"wp-block-heading\"><strong>Recordar por&#8230; Porque me vino a la mente<\/strong><\/h4>\n\n\n\n<p>Recuerdo que durante la promoci\u00f3n que me consigui\u00f3 la editorial <a href=\"https:\/\/www.ed-versatil.com\/\" target=\"_blank\" rel=\"noreferrer noopener\">Vers\u00e1til<\/a> de mi novela <a href=\"https:\/\/www.casadellibro.com\/libro-diario-de-una-periodista-en-paro\/9788493720681\/1624437\" target=\"_blank\" rel=\"noreferrer noopener\">\u2018Diario de una periodista en paro\u2019<\/a> hubo un d\u00eda entero que pas\u00e9 en Barcelona haciendo entrevistas en radios y televisiones locales. Fue muy divertido. Como periodista me encanta interactuar con otros desde otro lado, ver c\u00f3mo somos desde fuera. El gremiti. Cuando en la editorial me dijeron que me hab\u00edan conseguido las entrevistas en Barcelona lo primero que pens\u00e9 fue \u201ceh, noche de hotel para m\u00ed sola, \u00a1mola!\u201d y lo segundo que me dijeron las editoras fue \u201cir\u00e1s y volver\u00e1s en el d\u00eda\u201d. Ah. Lo segundo que les dije fue \u201cvivo al lado de Atocha\u201d (exager\u00e9) \u201cy me vendr\u00eda genial si me pill\u00e1is billete de AVE\u201d (ment\u00ed: leed m\u00e1s arriba, nomegustavolar). Me mandaron un billete de avi\u00f3n.\u00a0<\/p>\n\n\n\n<p>La ida fue bien: la excitaci\u00f3n, el sue\u00f1o, el jersey s\u00faper bonito que llevaba y que todav\u00eda conservo\u2026 Bueno, me pongo pijamas de hace 15 a\u00f1os, no s\u00e9 por qu\u00e9 presumo de seguir teniendo un jersey.&nbsp;<\/p>\n\n\n\n<p>El d\u00eda fue bien: los nervios, las risas, los traslados, Barcelona\u2026 Qu\u00e9 bonita es Barcelona, qu\u00e9 ganas de volver.<\/p>\n\n\n\n<p>La \u00faltima entrevista era para una televisi\u00f3n local barcelonesa y me maquillaron como una puerta para la vida real pero perfecta para la televisi\u00f3n. Parec\u00eda una mu\u00f1eca, dad gracias a que entonces no ten\u00eda cuenta de Instagram. Me censuran por exceso de selfi.&nbsp;<\/p>\n\n\n\n<p>Y sub\u00ed al avi\u00f3n despu\u00e9s de dar una vuelta por el aeropuerto sinti\u00e9ndome tan bien, tan guay, tan autosuficiente, tan escritora, tan la hostia\u2026 Y en el taxi hab\u00edamos o\u00eddo que un <a href=\"https:\/\/www.rtve.es\/noticias\/20100414\/erupcion-volcan-islandia-colapsa-trafico-aereo-europa\/327602.shtml\" target=\"_blank\" rel=\"noreferrer noopener\">volc\u00e1n island\u00e9s<\/a> hab\u00eda empezado a expulsar ceniza y estaba li\u00e1ndola parda en los cielos europeos.<\/p>\n\n\n\n<p>No, no cancelaron el vuelo. Ojal\u00e1 lo hubieran hecho.<\/p>\n\n\n\n<p>Una hora, apenas, dura el trayecto Barcelona-Madrid. <\/p>\n\n\n\n<p>Una hora, \u00bfno?<\/p>\n\n\n\n<h4 class=\"wp-block-heading\"><strong>La hora eterna, se titular\u00eda este relato.<\/strong><\/h4>\n\n\n\n<p>Subimos al avi\u00f3n, ni una brizna de ceniza islandesa en el aire, todo correcto, despegamos, todo bien. Y el piloto: \u201cque hay tormenta\u201d. Y mi cabeza: \u201cQU\u00c9 CO\u00d1O P\u00cdAS\u201d. Y a mi lado viajaban una chica m\u00e1s joven que yo y una se\u00f1ora (me parec\u00eda entonces) de mi edad actual (a m\u00ed me gusta llamarme \u201clady\u201d o \u201cputa ama\u201d, seg\u00fan tenga el d\u00eda, pero no suelo tratarme de \u00abse\u00f1ora\u00bb). Las dos muy resueltas, muy joviales, la se\u00f1ora le dec\u00eda \u201cnada, t\u00fa tranquila, ver\u00e1s que el vuelo va bien\u201d.<\/p>\n\n\n\n<p>Que va bien, dijo.\u00a0No s\u00e9 a qu\u00e9 se dedicaba pero ya os digo yo que no era vidente.<\/p>\n\n\n\n<p>Aquel avi\u00f3n peg\u00f3 m\u00e1s saltos que la Sanguino cuando ve una cucaracha en casa. Se movi\u00f3 m\u00e1s que los muebles de mi vecino de arriba. Que un garbanzo en la boca de un viejo, como dice mi madre (mam\u00e1, por cierto, qu\u00e9 asco de imagen).&nbsp;<\/p>\n\n\n\n<p>La se\u00f1ora mantuvo la compostura. La chica agarraba su mano y se encorvaba sobre s\u00ed misma como queriendo meterse en el \u00fatero de la que, supongo, era su jefa. Mientras, el aparato era zarandeado continuamente y ve\u00edamos los rel\u00e1mpagos por la ventanilla. Yo fing\u00eda leer pero no pas\u00e9 de la misma p\u00e1gina de un libro que no dir\u00e9 cu\u00e1l es, pero le agarr\u00e9 una man\u00eda tremenda a la novela y a su autor. Bueno, al autor es porque le conoc\u00ed (un mindundi, aunque ya me gustar\u00eda publicar y vender la mitad de lo que vende \u00e9l) y cuando me present\u00e9 al saludarle dijo \u201cah\u201d y se dio media vuelta. Y ah\u00ed, en una de mis habituales sentencias individuales unilaterales pens\u00e9 \u201ceste t\u00edo es gilipollas\u201d. Y ah\u00ed se ha quedado, en ese caj\u00f3n. Seguro que \u00e9l dice \u201csalvoconducto\u201d y no \u201cjustificante\u201d.<\/p>\n\n\n\n<p>Total, que yo estaba en aquella p\u00e1gina de aquel libro olvidable y alternaba rezos a cualquier deidad posible con lamentos de \u201cvoy a morir con esta maravilla de arte de maquillaje, nadie va a apreciarlo entre tanto escombro\u201d. La se\u00f1ora en un momento dado me dijo alguna frase de consuelo que no recuerdo, porque estaba en mi propio departamento del p\u00e1nico.\u00a0<\/p>\n\n\n\n<p>UNA HORA. UNA HORA. UNA HORA.<\/p>\n\n\n\n<p>TORMENTA. REL\u00c1MPAGOS. SACUDIDAS.<\/p>\n\n\n\n<p>AGUA MICELAR. JAB\u00d3N. M\u00c1S JAB\u00d3N.<\/p>\n\n\n\n<p>Para desmaquillarme, digo. Cuando llegu\u00e9 a casa. Porque claro, ese maquillaje era incre\u00edble, pero de quitar con esp\u00e1tula. Un poco m\u00e1s y tengo que ponerme andamio alrededor de la cabeza y contratar una cuadrilla.<\/p>\n\n\n\n<p>\u00bfEl aterrizaje? Pues bien, supongo. No lo recuerdo. Yo creo que del propio estr\u00e9s estaba anestesiada. S\u00ed me acuerdo de que el aeropuerto estaba pr\u00e1cticamente desierto y pill\u00e9 un taxi para volver a casa.&nbsp;<\/p>\n\n\n\n<p>Y lo mejor de todo esto es que mi idea para esta entrada era hablar de las emociones sencillas, de lo f\u00e1cil que es todo. Pero me he perdido un poco por el camino. La culpa la han tenido los gilipollas que hablan de \u201csalvoconductos\u201d y no de \u201cjustificantes\u201d.<\/p>\n\n\n\n<p>MALA. ME PON\u00c9IS. MALA.<\/p>\n\n\n\n<p>PD: Mientras escrib\u00eda esto, con el vecino de arriba moviendo muebles incansable y un perro ladrando debajo de casa, me he despistado un segundo y he pensado en mirar el m\u00f3vil. Es una estupidez, porque lo hago cuando me despisto y as\u00ed solo logro despistarme m\u00e1s. Pero bueno. Sin girar la cabeza, he agarrado un posavasos creyendo que era el m\u00f3vil (est\u00e1 silenciado al otro lado del sal\u00f3n). #nomakeup #nofilter imaginad mi cara cuando mi mano esperaba agarrar un m\u00f3vil y se ha visto con un posavasos de Ikea en la mano.<\/p>\n","protected":false},"excerpt":{"rendered":"<p>Criticar por criticar Podemos viajar a la mayor parte del mundo metidos en aviones que pesan mucho pero vuelan. Bueno, pod\u00edamos y podremos. Aunque hay&#8230;<\/p>\n<p><a class='more-link' href='https:\/\/nataliasanguino.com\/?p=212'>Leer m\u00e1s...<span class='screen-reader-text'>De idiotas y aviones<\/span><\/a><\/p>","protected":false},"author":1,"featured_media":216,"comment_status":"open","ping_status":"open","sticky":false,"template":"","format":"standard","meta":[],"categories":[3,72,20,81,13],"tags":[108,107,74],"yoast_head":"<!-- This site is optimized with the Yoast SEO plugin v15.0 - https:\/\/yoast.com\/wordpress\/plugins\/seo\/ -->\n<title>De idiotas y aviones - Natalia Sanguino<\/title>\n<meta name=\"robots\" content=\"index, follow, max-snippet:-1, max-image-preview:large, max-video-preview:-1\" \/>\n<link rel=\"canonical\" href=\"http:\/\/nataliasanguino.com\/?p=212\" \/>\n<meta property=\"og:locale\" content=\"es_ES\" \/>\n<meta property=\"og:type\" content=\"article\" \/>\n<meta property=\"og:title\" content=\"De idiotas y aviones - Natalia Sanguino\" \/>\n<meta property=\"og:description\" content=\"Criticar por criticar Podemos viajar a la mayor parte del mundo metidos en aviones que pesan mucho pero vuelan. Bueno, pod\u00edamos y podremos. Aunque hay&#8230;\" \/>\n<meta property=\"og:url\" content=\"http:\/\/nataliasanguino.com\/?p=212\" \/>\n<meta property=\"og:site_name\" content=\"Natalia Sanguino\" \/>\n<meta property=\"article:published_time\" content=\"2020-12-13T13:38:45+00:00\" \/>\n<meta property=\"article:modified_time\" content=\"2020-12-13T13:38:48+00:00\" \/>\n<meta property=\"og:image\" content=\"https:\/\/nataliasanguino.com\/wp-content\/uploads\/2020\/12\/diario_periodista_paro-1.jpg\" \/>\n\t<meta property=\"og:image:width\" content=\"403\" \/>\n\t<meta property=\"og:image:height\" content=\"604\" \/>\n<meta name=\"twitter:card\" content=\"summary\" \/>\n<meta name=\"twitter:creator\" content=\"@QuietBrown\" \/>\n<meta name=\"twitter:site\" content=\"@QuietBrown\" \/>\n<script type=\"application\/ld+json\" class=\"yoast-schema-graph\">{\"@context\":\"https:\/\/schema.org\",\"@graph\":[{\"@type\":\"WebSite\",\"@id\":\"https:\/\/nataliasanguino.com\/#website\",\"url\":\"https:\/\/nataliasanguino.com\/\",\"name\":\"Natalia Sanguino\",\"description\":\"\",\"potentialAction\":[{\"@type\":\"SearchAction\",\"target\":\"https:\/\/nataliasanguino.com\/?s={search_term_string}\",\"query-input\":\"required name=search_term_string\"}],\"inLanguage\":\"es\"},{\"@type\":\"ImageObject\",\"@id\":\"http:\/\/nataliasanguino.com\/?p=212#primaryimage\",\"inLanguage\":\"es\",\"url\":\"https:\/\/nataliasanguino.com\/wp-content\/uploads\/2020\/12\/diario_periodista_paro-1.jpg\",\"width\":403,\"height\":604},{\"@type\":\"WebPage\",\"@id\":\"http:\/\/nataliasanguino.com\/?p=212#webpage\",\"url\":\"http:\/\/nataliasanguino.com\/?p=212\",\"name\":\"De idiotas y aviones - Natalia Sanguino\",\"isPartOf\":{\"@id\":\"https:\/\/nataliasanguino.com\/#website\"},\"primaryImageOfPage\":{\"@id\":\"http:\/\/nataliasanguino.com\/?p=212#primaryimage\"},\"datePublished\":\"2020-12-13T13:38:45+00:00\",\"dateModified\":\"2020-12-13T13:38:48+00:00\",\"author\":{\"@id\":\"https:\/\/nataliasanguino.com\/#\/schema\/person\/e4009491d58235c00369a59fff42ee69\"},\"inLanguage\":\"es\",\"potentialAction\":[{\"@type\":\"ReadAction\",\"target\":[\"http:\/\/nataliasanguino.com\/?p=212\"]}]},{\"@type\":\"Person\",\"@id\":\"https:\/\/nataliasanguino.com\/#\/schema\/person\/e4009491d58235c00369a59fff42ee69\",\"name\":\"Natalia Sanguino\",\"image\":{\"@type\":\"ImageObject\",\"@id\":\"https:\/\/nataliasanguino.com\/#personlogo\",\"inLanguage\":\"es\",\"url\":\"https:\/\/secure.gravatar.com\/avatar\/21bd275e338dfa8aa961e032211a6f39?s=96&d=mm&r=g\",\"caption\":\"Natalia Sanguino\"}}]}<\/script>\n<!-- \/ Yoast SEO plugin. -->","_links":{"self":[{"href":"https:\/\/nataliasanguino.com\/index.php?rest_route=\/wp\/v2\/posts\/212"}],"collection":[{"href":"https:\/\/nataliasanguino.com\/index.php?rest_route=\/wp\/v2\/posts"}],"about":[{"href":"https:\/\/nataliasanguino.com\/index.php?rest_route=\/wp\/v2\/types\/post"}],"author":[{"embeddable":true,"href":"https:\/\/nataliasanguino.com\/index.php?rest_route=\/wp\/v2\/users\/1"}],"replies":[{"embeddable":true,"href":"https:\/\/nataliasanguino.com\/index.php?rest_route=%2Fwp%2Fv2%2Fcomments&post=212"}],"version-history":[{"count":1,"href":"https:\/\/nataliasanguino.com\/index.php?rest_route=\/wp\/v2\/posts\/212\/revisions"}],"predecessor-version":[{"id":214,"href":"https:\/\/nataliasanguino.com\/index.php?rest_route=\/wp\/v2\/posts\/212\/revisions\/214"}],"wp:featuredmedia":[{"embeddable":true,"href":"https:\/\/nataliasanguino.com\/index.php?rest_route=\/wp\/v2\/media\/216"}],"wp:attachment":[{"href":"https:\/\/nataliasanguino.com\/index.php?rest_route=%2Fwp%2Fv2%2Fmedia&parent=212"}],"wp:term":[{"taxonomy":"category","embeddable":true,"href":"https:\/\/nataliasanguino.com\/index.php?rest_route=%2Fwp%2Fv2%2Fcategories&post=212"},{"taxonomy":"post_tag","embeddable":true,"href":"https:\/\/nataliasanguino.com\/index.php?rest_route=%2Fwp%2Fv2%2Ftags&post=212"}],"curies":[{"name":"wp","href":"https:\/\/api.w.org\/{rel}","templated":true}]}}