{"id":222,"date":"2021-01-26T06:25:46","date_gmt":"2021-01-26T06:25:46","guid":{"rendered":"http:\/\/nataliasanguino.com\/?p=222"},"modified":"2021-01-26T06:25:50","modified_gmt":"2021-01-26T06:25:50","slug":"sombras-de-madera-empatia-de-ficcion","status":"publish","type":"post","link":"https:\/\/nataliasanguino.com\/?p=222","title":{"rendered":"Sombras de madera, empat\u00eda de ficci\u00f3n"},"content":{"rendered":"\n<p>Escucho un golpe seco tras otro. Alg\u00fan grito, inequ\u00edvocas conversaciones de hombres organiz\u00e1ndose, alguna voz aguda de mujer proponiendo. Apenas es mediod\u00eda pero ya tengo la calefacci\u00f3n puesta porque, no s\u00e9 si lo sab\u00e9is, pero en Madrid cae una nevada hist\u00f3rica. Este presente que narro es s\u00e1bado. Sigue cayendo la nieve.<\/p>\n\n\n\n<p>Por las ventanas del dormitorio y cocina puedo ver cinco o seis \u00e1rboles, me dicen que seguramente son <a href=\"http:\/\/arboles-con-alma.blogspot.com\/2011\/10\/cedro-del-atlas-cedre-atlantic-cedrus.html\" target=\"_blank\" rel=\"noreferrer noopener\">cedros<\/a>, algunos muy peque\u00f1itos, los dos mayores son los que dan a mi ventana. Con el peso de la nieve uno de ellos ha ca\u00eddo entre dos coches. Los dem\u00e1s est\u00e1n comb\u00e1ndose cada vez m\u00e1s, peligrosamente.<\/p>\n\n\n\n<figure class=\"wp-block-image size-large\"><img decoding=\"async\" loading=\"lazy\" width=\"774\" height=\"1024\" src=\"http:\/\/nataliasanguino.com\/wp-content\/uploads\/2021\/01\/20210109_101451_HDR_2-774x1024.jpg\" alt=\"\" class=\"wp-image-226\" srcset=\"https:\/\/nataliasanguino.com\/wp-content\/uploads\/2021\/01\/20210109_101451_HDR_2-774x1024.jpg 774w, https:\/\/nataliasanguino.com\/wp-content\/uploads\/2021\/01\/20210109_101451_HDR_2-227x300.jpg 227w, https:\/\/nataliasanguino.com\/wp-content\/uploads\/2021\/01\/20210109_101451_HDR_2-768x1017.jpg 768w, https:\/\/nataliasanguino.com\/wp-content\/uploads\/2021\/01\/20210109_101451_HDR_2-1160x1536.jpg 1160w, https:\/\/nataliasanguino.com\/wp-content\/uploads\/2021\/01\/20210109_101451_HDR_2-1547x2048.jpg 1547w, https:\/\/nataliasanguino.com\/wp-content\/uploads\/2021\/01\/20210109_101451_HDR_2-264x350.jpg 264w, https:\/\/nataliasanguino.com\/wp-content\/uploads\/2021\/01\/20210109_101451_HDR_2-scaled.jpg 1934w\" sizes=\"(max-width: 774px) 100vw, 774px\" \/><figcaption>Los cedros bajo la nieve<\/figcaption><\/figure>\n\n\n\n<p>Menos mal que est\u00e1n los hombres para ayudar. Aunque sea a su ego, a su convencimiento de ser \u00fatiles. Armados con un hacha y una cuerda larga, pertrechados con zapatillas deportivas, pantalones de chandal y sin mascarilla en la mayor parte de los casos (estamos en mitad de una pandemia, por lo visto), se ayudan unos a otros a matar unos \u00e1rboles que no saben si est\u00e1n sentenciados por el clima.&nbsp;<\/p>\n\n\n\n<p>Pero qu\u00e9 cojones, tienen un hacha.<\/p>\n\n\n\n<p>Uno casi descalabra a otro con la cuerda al lanzarla de cualquier modo hacia la parte alta de uno de los \u00e1rboles m\u00e1s j\u00f3venes para poder engancharlo y troncharlo. <\/p>\n\n\n\n<p>Tienen miedo de sus coches.\u00a0<\/p>\n\n\n\n<p>\u00bfSab\u00e9is esa frase de \u201cuna sociedad se mide por el trato que da a los animales\u201d? Pues en Espa\u00f1a dice mucho el trato que damos a los coches. S\u00edmbolos de nuestra vida, ambiciones y carencias.&nbsp;<\/p>\n\n\n\n<p>Ah\u00ed abajo no tienen ni idea de lo que hacen pero rompen, talan, tiran y dejan de cualquier modo las ramas una vez se han hecho con ellas. No las apartan para facilitar el paso, est\u00e1n en lo que la nieve tapa, acera y carretera. Los coches est\u00e1n salvados, su ma\u00f1ana est\u00e1 echada.<\/p>\n\n\n\n<p>Cada golpe a los cedros me ofende y no s\u00e9 bien por qu\u00e9. Supongo que porque se meten con los que pueden, como en el patio del colegio. El ejemplar m\u00e1s grande, el m\u00e1s peligroso si finalmente se derrumba, ni lo tocan. Son brutos, pero no gilipollas despu\u00e9s de todo. Como en el colegio.<\/p>\n\n\n\n<figure class=\"wp-block-image size-large\"><img decoding=\"async\" loading=\"lazy\" width=\"1024\" height=\"682\" src=\"http:\/\/nataliasanguino.com\/wp-content\/uploads\/2021\/01\/IMG_0893-1024x682.jpg\" alt=\"\" class=\"wp-image-228\" srcset=\"https:\/\/nataliasanguino.com\/wp-content\/uploads\/2021\/01\/IMG_0893-1024x682.jpg 1024w, https:\/\/nataliasanguino.com\/wp-content\/uploads\/2021\/01\/IMG_0893-300x200.jpg 300w, https:\/\/nataliasanguino.com\/wp-content\/uploads\/2021\/01\/IMG_0893-768x511.jpg 768w, https:\/\/nataliasanguino.com\/wp-content\/uploads\/2021\/01\/IMG_0893-1536x1023.jpg 1536w, https:\/\/nataliasanguino.com\/wp-content\/uploads\/2021\/01\/IMG_0893-2048x1364.jpg 2048w, https:\/\/nataliasanguino.com\/wp-content\/uploads\/2021\/01\/IMG_0893-526x350.jpg 526w\" sizes=\"(max-width: 1024px) 100vw, 1024px\" \/><figcaption>Lugares para ver \u00e1rboles: Badajoz<\/figcaption><\/figure>\n\n\n\n<p>Como sociedad nos definen muchas cosas, empezando por el trato que damos a los animales. Pero hasta para responder a esto en Espa\u00f1a somos <em>different<\/em>: tanto una persona vegana como una amante del toreo te dir\u00e1n que aman a los animales. Y est\u00e1n convencidas de ello.<\/p>\n\n\n\n<p>Yo creo que todo nos define. Los detalles m\u00e1s peque\u00f1os se chivan de nuestras miserias. Conforme crezco, m\u00e1s me da la impresi\u00f3n de seguir viviendo en ese enorme patio de colegio, en un eterno recreo donde hacemos \u201ccosas de mayores\u201d pero donde seguimos siendo el mismo imb\u00e9cil \u201cdel B\u201d o \u201cdel C\u201d, que es como se conoc\u00edan las clases en mi colegio. Solo te relacionabas con los de tu curso, no hab\u00eda que especificar m\u00e1s.<\/p>\n\n\n\n<p>Puedo deciros con nombre y apellido qui\u00e9nes hubieran sido los de mi clase que estar\u00edan talando \u00e1rboles sin tener ni puta idea. Porque por si lo dud\u00e1is: los que talaban los cedros bajo mi casa no sab\u00edan lo que hac\u00edan.&nbsp;<\/p>\n\n\n\n<p>No soporto ver el destrozo que est\u00e1n causando a estos elegantes, esbeltos \u00e1rboles.&nbsp; &nbsp;<\/p>\n\n\n\n<h2 class=\"wp-block-heading\">Luces en la sombra del cedro<\/h2>\n\n\n\n<p>Me mud\u00e9 a esta casa hace un a\u00f1o, obligada por una subida del alquiler indecente y ansiosa, con un Madrid vendi\u00e9ndose al mejor postor y exhibi\u00e9ndose imp\u00fadico ante el turismo glot\u00f3n. Que se cre\u00eda muy listo Madrid, pidiendo dinero y regurgitando franquicias. Buah chaval, soy la ca\u00f1a (Madrid, ca\u00f1a\u2026 \u00bflo pill\u00e1is?) y obligo a esta autora a agobiarse buscando piso.<\/p>\n\n\n\n<p>Y del extrarradio m\u00e1s lejano tuvo que venir una pandemia a ense\u00f1arle a la ciudad qui\u00e9n manda. \u201cSi el corona te vacila, t\u00fa te callah y lo asimilah\u201d. Qui\u00e9n quiere regularizar el mercado libremente teniendo una pandemia. Ch\u00fapate esa, Adam Smith.<\/p>\n\n\n\n<p>Una vez aqu\u00ed me fui acostumbrando, ayudada por los dos meses de encierro, a las nuevas vistas. Me gustaba ver c\u00f3mo iba cambiando la luz respecto a los cedros, recortados sobre el lateral del edificio de enfrente. A veces una sombra difusa, otras un calco de s\u00ed mismo, fuerte y en\u00e9rgico, recortado con nitidez. Tonos ros\u00e1ceos, calidez agobiante del verano, noches anaranjadas, d\u00edas nublados cuyo gris roba sombras. Me reconforta la visi\u00f3n de ese cedro que alberga urracas y gorriones, que baila al son del viento y soporta con orgullo la lluvia.<\/p>\n\n\n\n<figure class=\"wp-block-image size-large\"><img decoding=\"async\" loading=\"lazy\" width=\"663\" height=\"1024\" src=\"http:\/\/nataliasanguino.com\/wp-content\/uploads\/2021\/01\/20200601_175950_HDR_3-663x1024.jpg\" alt=\"\" class=\"wp-image-227\" srcset=\"https:\/\/nataliasanguino.com\/wp-content\/uploads\/2021\/01\/20200601_175950_HDR_3-663x1024.jpg 663w, https:\/\/nataliasanguino.com\/wp-content\/uploads\/2021\/01\/20200601_175950_HDR_3-194x300.jpg 194w, https:\/\/nataliasanguino.com\/wp-content\/uploads\/2021\/01\/20200601_175950_HDR_3-768x1185.jpg 768w, https:\/\/nataliasanguino.com\/wp-content\/uploads\/2021\/01\/20200601_175950_HDR_3-995x1536.jpg 995w, https:\/\/nataliasanguino.com\/wp-content\/uploads\/2021\/01\/20200601_175950_HDR_3-1327x2048.jpg 1327w, https:\/\/nataliasanguino.com\/wp-content\/uploads\/2021\/01\/20200601_175950_HDR_3-227x350.jpg 227w, https:\/\/nataliasanguino.com\/wp-content\/uploads\/2021\/01\/20200601_175950_HDR_3-scaled.jpg 1659w\" sizes=\"(max-width: 663px) 100vw, 663px\" \/><figcaption>Esos cedros, esas sombras<\/figcaption><\/figure>\n\n\n\n<p>Y ahora una panda de imb\u00e9ciles mata a sus hermanos sin criterio y \u00e9l se inclina demasiado. Cuando los idiotas se van, trato de aliviar el peso de la nieve de este alto \u00e1rbol, sacudi\u00e9ndole con cuidado desde la ventana con una escoba. Pero apenas lo alcanzo. Veo gorriones perdidos buscando comida y refugio.<\/p>\n\n\n\n<p>Agobiada, decido salir a dar un paseo, igual que har\u00e9 al d\u00eda siguiente.&nbsp;<\/p>\n\n\n\n<h2 class=\"wp-block-heading\">La Casa de Campo<\/h2>\n\n\n\n<p>El s\u00e1bado apenas me alejo de casa, pero el domingo camino con calma y cuidado hasta la <a href=\"https:\/\/www.facebook.com\/LaCasaDeCampoDeMadrid\">Casa de Campo<\/a>, lujo verde. All\u00ed hab\u00eda casi tanta gente como \u00e1rboles destrozados. Porque si mis vecinos del hacha llegan a ir a la Casa de Campo, se ponen cachondos de ver la que hab\u00eda liada. Imaginadles ah\u00ed, empalmaos bajo el ch\u00e1ndal gris, que ya en reposo se les nota el anacardo de lo fina que es la tela, y con el hacha y la cuerda, pimpam, pimpam, soy el salvador de esta ciudad.<\/p>\n\n\n\n<p>El destrozo de \u00e1rboles, sin adentrarme demasiado en la Casa de Campo, es evidente. Ahora sabemos que de las 1.700 hect\u00e1reas del recinto, m\u00e1s de la mitad (\u00a1m\u00e1s de la mitad!) de \u00e1rboles est\u00e1n da\u00f1ados.&nbsp;<\/p>\n\n\n\n<p>Como un periodista es un oc\u00e9ano de conocimientos de un cent\u00edmetro de profundidad (me dijeron una vez), y mi oc\u00e9ano tiende a ser un lago y al cent\u00edmetro a veces no llega, decido preguntar a alguien que sabe m\u00e1s que yo: un arbol\u00f3sofo, que habla el idioma de ra\u00edces y el dialecto de las ramas. Un ingeniero de montes, Pablo Fern\u00e1ndez Santos, cuyas excursiones y recomendaciones sobre la monta\u00f1a pod\u00e9is leer en este blog:<\/p>\n\n\n\n<p><a href=\"https:\/\/viviendolamontana.blogspot.com\/\" target=\"_blank\" rel=\"noreferrer noopener\">https:\/\/viviendolamontana.blogspot.com\/<\/a><a href=\"\"><\/a><\/p>\n\n\n\n<p>Pablo nos cuenta que Madrid es la segunda ciudad del mundo con m\u00e1s arbolado, por detr\u00e1s de Tokio. El arbolado en ciudad \u201cgenera much\u00edsimos beneficios a la ciudad\u201d, dice Pablo. \u201cEl problema es que no son f\u00e1ciles de cuantificar econ\u00f3micamente, y por eso no se le da la importancia que merece\u201d. Filtran la contaminaci\u00f3n, retienen agua en el suelo, reducen el efecto de \u201cisla de calor\u201d\u2026 \u201cVer vegetaci\u00f3n genera bienestar\u201d, comenta \u00e9l. Y coincido. Mi cedro era un refugio visual continuo.<\/p>\n\n\n\n<figure class=\"wp-block-image size-large\"><img decoding=\"async\" loading=\"lazy\" width=\"1024\" height=\"682\" src=\"http:\/\/nataliasanguino.com\/wp-content\/uploads\/2021\/01\/IMG_0336-1-1024x682.jpg\" alt=\"\" class=\"wp-image-225\" srcset=\"https:\/\/nataliasanguino.com\/wp-content\/uploads\/2021\/01\/IMG_0336-1-1024x682.jpg 1024w, https:\/\/nataliasanguino.com\/wp-content\/uploads\/2021\/01\/IMG_0336-1-300x200.jpg 300w, https:\/\/nataliasanguino.com\/wp-content\/uploads\/2021\/01\/IMG_0336-1-768x511.jpg 768w, https:\/\/nataliasanguino.com\/wp-content\/uploads\/2021\/01\/IMG_0336-1-1536x1023.jpg 1536w, https:\/\/nataliasanguino.com\/wp-content\/uploads\/2021\/01\/IMG_0336-1-2048x1364.jpg 2048w, https:\/\/nataliasanguino.com\/wp-content\/uploads\/2021\/01\/IMG_0336-1-526x350.jpg 526w\" sizes=\"(max-width: 1024px) 100vw, 1024px\" \/><figcaption>Un verano, otro lugar, otros verdes<\/figcaption><\/figure>\n\n\n\n<p>Sigo d\u00e1ndole la palabra a Pablo: \u201cTodo esto,que la gente aparentemente no lo sabe, <a href=\"https:\/\/viviendolamontana.blogspot.com\/2020\/04\/reflexion-sobre-el-dia-de-la-tierra-22.html\" target=\"_blank\" rel=\"noreferrer noopener\">en el fondo s\u00ed que\u00a0lo sabe<\/a>. Porque a todos nos gusta vivir en un barrio con grandes parques. Una casa con vistas al Retiro o al Parque del Oeste vale m\u00e1s dinero que la misma casa, en el mismo bloque, pero mirando a la calle de detr\u00e1s\u201d.<\/p>\n\n\n\n<p>No s\u00e9 yo si los vecinos m\u00edos tienen tanta sensibilidad, \u00bfeh?<\/p>\n\n\n\n<p>\u201cTodos estos beneficios del arbolado son mayores cuanto mayor sea el \u00e1rbol\u201d, aclara. \u201cUn <a href=\"https:\/\/arbolesdemadrid.wordpress.com\/2015\/03\/07\/pinar-de-las-siete-hermanas-casa-de-campo\/\">pino<\/a> de la Casa de Campo de 70 a\u00f1os genera mucho m\u00e1s beneficio que un <a href=\"https:\/\/www.google.com\/search?q=aligustre+&amp;tbm=isch&amp;ved=2ahUKEwjRrKHu6LfuAhWC6uAKHXoMBx8Q2-cCegQIABAA&amp;oq=aligustre+&amp;gs_lcp=CgNpbWcQAzIECCMQJzIECAAQQzICCAAyAggAMgQIABBDMgIIADICCAAyAggAMgIIADICCABQ4B9Y4B9ggSJoAHAAeACAAZgBiAGYAZIBAzAuMZgBAKABAaoBC2d3cy13aXotaW1nwAEB&amp;sclient=img&amp;ei=DRwPYJHyC4LVgwf6mJz4AQ&amp;bih=604&amp;biw=1280\" target=\"_blank\" rel=\"noreferrer noopener\">aligustre<\/a> de una calle de Lavapi\u00e9s\u00a0de 10 a\u00f1os. As\u00ed que en este caso no solo es cuesti\u00f3n de n\u00famero de \u00e1rboles.\u00a0\u00a1El tama\u00f1o aqu\u00ed s\u00ed que importa!\u201d.<\/p>\n\n\n\n<p>Eso cu\u00e9ntaselo a las que disfrutan del anacardo.<\/p>\n\n\n\n<h2 class=\"wp-block-heading\">\u00bfPod\u00edamos haber evitado el desastre?<\/h2>\n\n\n\n<p>El <a href=\"https:\/\/www.publico.es\/sociedad\/salvar-casa-campo-filomena-cronica-catastrofe-ambiental.html\">da\u00f1o sobre el arbolado<\/a> tras la nevada que dej\u00f3 Filomena (no quiero pensar en la que habr\u00e1 terminado de liar la Hortensia despu\u00e9s) es \u201ctremendo\u201d, sobre todo en especies de hoja perenne. \u201dLos \u00e1rboles con hojas han retenido mucha m\u00e1s nieve en sus copas que los \u00e1rboles\u00a0con las copas desnudas\u201d. De momento, \u201ces dif\u00edcil de saber a\u00fan cu\u00e1nto arbolado da\u00f1ado hay\u201d.<\/p>\n\n\n\n<p>Pablo responde que lo que ha pasado \u201cpasar\u00eda igual en cualquier ciudad del mundo que no est\u00e9 acostumbrada a la nieve\u201d. \u201cLas especies de Madrid son las que son para el clima de Madrid, y el pino pi\u00f1onero o las encinas de la Casa de Campo nunca tendr\u00e1n adaptaci\u00f3n a la nieve\u201d, comenta y a\u00f1ade: \u201cEn un clima con nevadas m\u00e1s frecuentes, los \u00e1rboles poco a poco se van \u00abacostumbrando\u00bb a la nieve, y desde j\u00f3venes&nbsp;ir\u00e1n perdiendo ramas POCO A POCO por las nevadas de cada a\u00f1o, y el d\u00eda que haya una nevada gorda, habr\u00e1 da\u00f1os, pero mucho menores\u201d.<\/p>\n\n\n\n<p>Al dolor por esos cedros derribados por el sinsentido humano, sumo esto: <\/p>\n\n\n\n<blockquote class=\"wp-block-quote\"><p>\u201cEl da\u00f1o creado, sobre todo en ciertos lugares como la Casa de Campo, es irreparable en d\u00e9cadas. Tardaremos m\u00ednimo 30 a\u00f1os en ver la Casa de Campo como estaba\u201d.<\/p><cite>Pablo Fern\u00e1ndez Santos, ingeniero de Montes<\/cite><\/blockquote>\n\n\n\n<p>Recordadme para la pr\u00f3xima que escriba de \u00e1rboles que me limite a inventarme un cuento o en plan po\u00e9tico, porque el dato anterior me ha dejado tocada. \u00a1Treinta a\u00f1os!<\/p>\n\n\n\n<p>Ahora que Madrid <a href=\"https:\/\/www.esmadrid.com\/sites\/default\/files\/dossier_plan_naturalizacion_manzanares.pdf\" target=\"_blank\" rel=\"noreferrer noopener\">recuperaba su r\u00edo<\/a>, pierde parte de sus pulmones. Qu\u00e9 pena.\u00a0<\/p>\n\n\n\n<p>No s\u00e9 si visteis esto: sali\u00f3 Soraya en unas historias de Instagram llorando por los \u00e1rboles ca\u00eddos de su jard\u00edn. <a href=\"https:\/\/www.elperiodico.com\/es\/cuore\/famosos\/soraya-arnelas-llora-arboles-nieve-memes-criticas\" target=\"_blank\" rel=\"noreferrer noopener\">Se burlaron de ella<\/a>. Dejando al margen la idea de pensar en grabarte mientras sorbes moco, que ya sab\u00e9is que analizar el comportamiento en redes sociales me pierde\u2026 \u00bfPor qu\u00e9 la mofa? \u00bfD\u00f3nde est\u00e1 la gracia de que una persona sufra por algo? Medimos todo con nuestras varas. Si Soraya est\u00e1 agobiada por ver el destrozo vegetal, pues bueno. No es una mala raz\u00f3n para agobiarse, \u00bfno? \u00bfQu\u00e9 nos molesta exactamente?<\/p>\n\n\n\n<p>Es ese patio del colegio, el de antes, el que sigue: siempre se burlar\u00e1n en \u00e9l de la sensibilidad ajena. Los del hacha y la cuerda, los que no saben ni ponerse bien la mascarilla, los que argumentan que hay problemas mayores. Y claro que los hay, \u00bfqui\u00e9n dice lo contrario? Tambi\u00e9n hay un grave problema de comprensi\u00f3n lectora. Y de empat\u00eda ni hablamos. Siempre bromeo diciendo que \u201cempat\u00eda\u201d no es una prima m\u00eda vasca. Aunque la mayor\u00eda nos definir\u00edamos como emp\u00e1ticos, \u00bfa que s\u00ed?\u00a0<\/p>\n\n\n\n<p>\u201c\u00bfDefectos?\u201d<\/p>\n\n\n\n<p>\u201cHuy, pues que a veces soy demasiado emp\u00e1tica y demasiado perfeccionista\u201d<\/p>\n\n\n\n<p>Tonta, ese es tu defecto principal.&nbsp;<\/p>\n\n\n\n<p>Qu\u00e9 pena los \u00e1rboles de la Casa de Campo, qu\u00e9 l\u00e1stima el destrozo de troncos y ramas que sigue inerte entre acera y carretera junto a mi casa (escribo esto el 25 de enero) y qu\u00e9 lamentable una sociedad que usa hachas sin saber y se cree m\u00e1s lista sin motivo que lo fundamente. No baila con el viento ni soporta orgullosa la lluvia, no sabe qu\u00e9 hacer con gorriones ni urracas, apenas observa su sombra recortada, apenas se fija, no siente.<\/p>\n\n\n\n<p>Los dos cedros m\u00e1s grandes siguen en pie.<\/p>\n","protected":false},"excerpt":{"rendered":"<p>Escucho un golpe seco tras otro. Alg\u00fan grito, inequ\u00edvocas conversaciones de hombres organiz\u00e1ndose, alguna voz aguda de mujer proponiendo. Apenas es mediod\u00eda pero ya tengo&#8230;<\/p>\n<p><a class='more-link' href='https:\/\/nataliasanguino.com\/?p=222'>Leer m\u00e1s...<span class='screen-reader-text'>Sombras de madera, empat\u00eda de ficci\u00f3n<\/span><\/a><\/p>","protected":false},"author":1,"featured_media":223,"comment_status":"open","ping_status":"open","sticky":false,"template":"","format":"standard","meta":[],"categories":[3,58],"tags":[115,117,120],"yoast_head":"<!-- This site is optimized with the Yoast SEO plugin v15.0 - https:\/\/yoast.com\/wordpress\/plugins\/seo\/ -->\n<title>Sombras de madera, empat\u00eda de ficci\u00f3n - Natalia Sanguino<\/title>\n<meta name=\"robots\" content=\"index, follow, max-snippet:-1, max-image-preview:large, max-video-preview:-1\" \/>\n<link rel=\"canonical\" href=\"http:\/\/nataliasanguino.com\/?p=222\" \/>\n<meta property=\"og:locale\" content=\"es_ES\" \/>\n<meta property=\"og:type\" content=\"article\" \/>\n<meta property=\"og:title\" content=\"Sombras de madera, empat\u00eda de ficci\u00f3n - Natalia Sanguino\" \/>\n<meta property=\"og:description\" content=\"Escucho un golpe seco tras otro. Alg\u00fan grito, inequ\u00edvocas conversaciones de hombres organiz\u00e1ndose, alguna voz aguda de mujer proponiendo. Apenas es mediod\u00eda pero ya tengo&#8230;\" \/>\n<meta property=\"og:url\" content=\"http:\/\/nataliasanguino.com\/?p=222\" \/>\n<meta property=\"og:site_name\" content=\"Natalia Sanguino\" \/>\n<meta property=\"article:published_time\" content=\"2021-01-26T06:25:46+00:00\" \/>\n<meta property=\"article:modified_time\" content=\"2021-01-26T06:25:50+00:00\" \/>\n<meta property=\"og:image\" content=\"https:\/\/nataliasanguino.com\/wp-content\/uploads\/2021\/01\/IMG_0317-scaled.jpg\" \/>\n\t<meta property=\"og:image:width\" content=\"2560\" \/>\n\t<meta property=\"og:image:height\" content=\"1704\" \/>\n<meta name=\"twitter:card\" content=\"summary\" \/>\n<meta name=\"twitter:creator\" content=\"@QuietBrown\" \/>\n<meta name=\"twitter:site\" content=\"@QuietBrown\" \/>\n<script type=\"application\/ld+json\" class=\"yoast-schema-graph\">{\"@context\":\"https:\/\/schema.org\",\"@graph\":[{\"@type\":\"WebSite\",\"@id\":\"https:\/\/nataliasanguino.com\/#website\",\"url\":\"https:\/\/nataliasanguino.com\/\",\"name\":\"Natalia Sanguino\",\"description\":\"\",\"potentialAction\":[{\"@type\":\"SearchAction\",\"target\":\"https:\/\/nataliasanguino.com\/?s={search_term_string}\",\"query-input\":\"required name=search_term_string\"}],\"inLanguage\":\"es\"},{\"@type\":\"ImageObject\",\"@id\":\"http:\/\/nataliasanguino.com\/?p=222#primaryimage\",\"inLanguage\":\"es\",\"url\":\"https:\/\/nataliasanguino.com\/wp-content\/uploads\/2021\/01\/IMG_0317-scaled.jpg\",\"width\":2560,\"height\":1704},{\"@type\":\"WebPage\",\"@id\":\"http:\/\/nataliasanguino.com\/?p=222#webpage\",\"url\":\"http:\/\/nataliasanguino.com\/?p=222\",\"name\":\"Sombras de madera, empat\\u00eda de ficci\\u00f3n - Natalia Sanguino\",\"isPartOf\":{\"@id\":\"https:\/\/nataliasanguino.com\/#website\"},\"primaryImageOfPage\":{\"@id\":\"http:\/\/nataliasanguino.com\/?p=222#primaryimage\"},\"datePublished\":\"2021-01-26T06:25:46+00:00\",\"dateModified\":\"2021-01-26T06:25:50+00:00\",\"author\":{\"@id\":\"https:\/\/nataliasanguino.com\/#\/schema\/person\/e4009491d58235c00369a59fff42ee69\"},\"inLanguage\":\"es\",\"potentialAction\":[{\"@type\":\"ReadAction\",\"target\":[\"http:\/\/nataliasanguino.com\/?p=222\"]}]},{\"@type\":\"Person\",\"@id\":\"https:\/\/nataliasanguino.com\/#\/schema\/person\/e4009491d58235c00369a59fff42ee69\",\"name\":\"Natalia Sanguino\",\"image\":{\"@type\":\"ImageObject\",\"@id\":\"https:\/\/nataliasanguino.com\/#personlogo\",\"inLanguage\":\"es\",\"url\":\"https:\/\/secure.gravatar.com\/avatar\/21bd275e338dfa8aa961e032211a6f39?s=96&d=mm&r=g\",\"caption\":\"Natalia Sanguino\"}}]}<\/script>\n<!-- \/ Yoast SEO plugin. -->","_links":{"self":[{"href":"https:\/\/nataliasanguino.com\/index.php?rest_route=\/wp\/v2\/posts\/222"}],"collection":[{"href":"https:\/\/nataliasanguino.com\/index.php?rest_route=\/wp\/v2\/posts"}],"about":[{"href":"https:\/\/nataliasanguino.com\/index.php?rest_route=\/wp\/v2\/types\/post"}],"author":[{"embeddable":true,"href":"https:\/\/nataliasanguino.com\/index.php?rest_route=\/wp\/v2\/users\/1"}],"replies":[{"embeddable":true,"href":"https:\/\/nataliasanguino.com\/index.php?rest_route=%2Fwp%2Fv2%2Fcomments&post=222"}],"version-history":[{"count":2,"href":"https:\/\/nataliasanguino.com\/index.php?rest_route=\/wp\/v2\/posts\/222\/revisions"}],"predecessor-version":[{"id":229,"href":"https:\/\/nataliasanguino.com\/index.php?rest_route=\/wp\/v2\/posts\/222\/revisions\/229"}],"wp:featuredmedia":[{"embeddable":true,"href":"https:\/\/nataliasanguino.com\/index.php?rest_route=\/wp\/v2\/media\/223"}],"wp:attachment":[{"href":"https:\/\/nataliasanguino.com\/index.php?rest_route=%2Fwp%2Fv2%2Fmedia&parent=222"}],"wp:term":[{"taxonomy":"category","embeddable":true,"href":"https:\/\/nataliasanguino.com\/index.php?rest_route=%2Fwp%2Fv2%2Fcategories&post=222"},{"taxonomy":"post_tag","embeddable":true,"href":"https:\/\/nataliasanguino.com\/index.php?rest_route=%2Fwp%2Fv2%2Ftags&post=222"}],"curies":[{"name":"wp","href":"https:\/\/api.w.org\/{rel}","templated":true}]}}