{"id":268,"date":"2022-09-22T17:20:13","date_gmt":"2022-09-22T17:20:13","guid":{"rendered":"https:\/\/nataliasanguino.com\/?p=268"},"modified":"2022-09-22T17:20:15","modified_gmt":"2022-09-22T17:20:15","slug":"segundo-de-los-101","status":"publish","type":"post","link":"https:\/\/nataliasanguino.com\/?p=268","title":{"rendered":"El segundo"},"content":{"rendered":"\n<p>Juli\u00e1n se despert\u00f3 sin dientes<\/p>\n\n\n\n<p>&#8211; Ay, la virgen &#8211; dijo Emma sin apenas separar entre s\u00ed las palabras.<\/p>\n\n\n\n<p>&#8211; Mqu\u00e9 &#8211; respondi\u00f3 \u00e9l para enmudecer de inmediato- \u00bfQu\u00e9? &#8211; Dijo mirando hacia abajo, interrogando a su propia boca.<\/p>\n\n\n\n<p>&#8211; Ju\u2026 pero, \u00bfqu\u00e9 te ha pasado? \u00bfC\u00f3mo puede ser?<\/p>\n\n\n\n<p>Julian se despert\u00f3 sin dientes, s\u00ed, esa ma\u00f1ana. Ni uno. Como un beb\u00e9 o un viejo, dos extremos de la edad en cuyo medio aproximado se encontraba \u00e9l. Mov\u00eda la boca y pasaba su lengua por sus sonrosadas y v\u00edrgenes enc\u00edas. Como cordilleras brillantes, lamidas y recorridas sin que la lengua encontrase tropiezo alguno.<\/p>\n\n\n\n<p>&#8211; Ju, calma, \u00bfvale?<\/p>\n\n\n\n<p>&#8211; Mcomomquemecalmme &#8211; atin\u00f3 a decir esa boca y esa verg\u00fcenza. Los ojos de Juli\u00e1n, llorosos, no se atrev\u00edan a posarse sobre el rostro de Emma, tan perfilado, tan n\u00edtido como el reflejo de un \u00e1rbol recortado sobre una copa de vino blanco, aquella que tomaron ayer durante el atardecer, tan fresca la copa, tan acogedor el \u00e1rbol. La sombra de \u00e9ste no restaba brillo al amarillo p\u00e1lido del l\u00edquido. No entend\u00eda por qu\u00e9 nunca tomaban vino tinto, pens\u00f3 inoportunamente Juli\u00e1n en medio del desastre matutino.<\/p>\n\n\n\n<p>&#8211; A ver, que tiene que haber una explicaci\u00f3n. Fijo, vamos. Pensemos.<\/p>\n\n\n\n<p>&#8211; \u00a1Mnc\u00f3mo, nc\u00f3mo mvoy a pensar, m\u00edrame Emma! &#8211; al menos, se dijo a s\u00ed mismo con la guasa que le quedaba, el nombre de Emma lo pronunciaba esa ma\u00f1ana mejor que nunca. Enemigo de las fricativas es el desdentado.<\/p>\n\n\n\n<p>&#8211; Encontraremos la soluci\u00f3n &#8211; Emma se mordi\u00f3, reflexionando, el labio inferior, y al darse cuenta de la cara desolada de Juli\u00e1n, que no pod\u00eda imitar su gesto, r\u00e1pido se recompuso para sonre\u00edr algo triste.- Igual es de esas cosas raras que pasan a veces.<\/p>\n\n\n\n<p>&#8211; Eso lo dices mucho &#8211; sonri\u00f3 c\u00f3mplice Juli\u00e1n. Pens\u00f3 deb\u00eda parecerse a su abuelo. Aunque no le hab\u00eda conocido. Qu\u00e9 estupidez acababa de pensar.&nbsp;<\/p>\n\n\n\n<p>&#8211; No conoc\u00ed a mi abuelo. \u00bfVivi\u00f3?<\/p>\n\n\n\n<p>&#8211; \u00bfPerdona?<\/p>\n\n\n\n<p>&#8211; Mi abuelo.<\/p>\n\n\n\n<p>&#8211; Juli\u00e1n, yo no lo s\u00e9.<\/p>\n\n\n\n<p>&#8211; Juli\u00e1n.<\/p>\n\n\n\n<p>&#8211; \u00bfQu\u00e9?<\/p>\n\n\n\n<p>&#8211; La jota pueno pronunhiarla &#8211; dijo \u00e9l.- Poco abehenario me quea.\u00a0<\/p>\n\n\n\n<p>Emma solt\u00f3 la risa nerviosa que llevaba aguantando desde que hab\u00eda abierto el ojo.&nbsp;<\/p>\n\n\n\n<p>&#8211; Esto debe ser, ya sabes, como cuando yo amanec\u00ed rara, \u00bfte acuerdas? Aquel d\u00eda.<\/p>\n\n\n\n<p>Juli\u00e1n asinti\u00f3.<\/p>\n\n\n\n<p>&#8211; Y luego ,de repente, \u201cpop\u201d, me encontr\u00e9 perfectamente. &#8211; Continu\u00f3 Emma.<\/p>\n\n\n\n<p>&#8211; S\u00ed, no s\u00e9 &#8211; se encogi\u00f3 de hombros Juli\u00e1n, resignado- Igual es as\u00ed siempre.<\/p>\n\n\n\n<p>&#8211; Que no, bobo, va. \u00bfNos echamos otro ratito? Total, no tenemos nada mejor que hacer &#8211; Juli\u00e1n crey\u00f3 ver un atisbo de picard\u00eda en los ojos de Emma y ri\u00e9ndose por primera vez esa ma\u00f1ana se meti\u00f3 bajo las s\u00e1banas.<\/p>\n\n\n\n<p>Y jugaron.<\/p>\n\n\n\n<hr class=\"wp-block-separator\"\/>\n\n\n\n<p>El dibujante decidi\u00f3 que el barullo de s\u00e1banas ser\u00eda la \u00faltima vi\u00f1eta de la p\u00e1gina c\u00f3mica semanal. Y lament\u00f3 que no le dejaran en la revista utilizar el rojo. Emma y Juli\u00e1n se merec\u00edan beber alg\u00fan d\u00eda una copa de vino tinto.<\/p>\n","protected":false},"excerpt":{"rendered":"<p>Juli\u00e1n se despert\u00f3 sin dientes &#8211; Ay, la virgen &#8211; dijo Emma sin apenas separar entre s\u00ed las palabras. &#8211; Mqu\u00e9 &#8211; respondi\u00f3 \u00e9l para&#8230;<\/p>\n<p><a class='more-link' href='https:\/\/nataliasanguino.com\/?p=268'>Leer m\u00e1s...<span class='screen-reader-text'>El segundo<\/span><\/a><\/p>","protected":false},"author":1,"featured_media":262,"comment_status":"open","ping_status":"open","sticky":false,"template":"","format":"standard","meta":[],"categories":[140,136],"tags":[143,141,137,145,125,142,144],"yoast_head":"<!-- This site is optimized with the Yoast SEO plugin v15.0 - https:\/\/yoast.com\/wordpress\/plugins\/seo\/ -->\n<title>El segundo - Natalia Sanguino<\/title>\n<meta name=\"robots\" content=\"index, follow, max-snippet:-1, max-image-preview:large, max-video-preview:-1\" \/>\n<link rel=\"canonical\" href=\"https:\/\/nataliasanguino.com\/?p=268\" \/>\n<meta property=\"og:locale\" content=\"es_ES\" \/>\n<meta property=\"og:type\" content=\"article\" \/>\n<meta property=\"og:title\" content=\"El segundo - Natalia Sanguino\" \/>\n<meta property=\"og:description\" content=\"Juli\u00e1n se despert\u00f3 sin dientes &#8211; Ay, la virgen &#8211; dijo Emma sin apenas separar entre s\u00ed las palabras. &#8211; Mqu\u00e9 &#8211; respondi\u00f3 \u00e9l para&#8230;\" \/>\n<meta property=\"og:url\" content=\"https:\/\/nataliasanguino.com\/?p=268\" \/>\n<meta property=\"og:site_name\" content=\"Natalia Sanguino\" \/>\n<meta property=\"article:published_time\" content=\"2022-09-22T17:20:13+00:00\" \/>\n<meta property=\"article:modified_time\" content=\"2022-09-22T17:20:15+00:00\" \/>\n<meta property=\"og:image\" content=\"https:\/\/nataliasanguino.com\/wp-content\/uploads\/2022\/08\/IMG_7713-copia-scaled.jpg\" \/>\n\t<meta property=\"og:image:width\" content=\"2560\" \/>\n\t<meta property=\"og:image:height\" content=\"1704\" \/>\n<meta name=\"twitter:card\" content=\"summary\" \/>\n<meta name=\"twitter:creator\" content=\"@QuietBrown\" \/>\n<meta name=\"twitter:site\" content=\"@QuietBrown\" \/>\n<script type=\"application\/ld+json\" class=\"yoast-schema-graph\">{\"@context\":\"https:\/\/schema.org\",\"@graph\":[{\"@type\":\"WebSite\",\"@id\":\"https:\/\/nataliasanguino.com\/#website\",\"url\":\"https:\/\/nataliasanguino.com\/\",\"name\":\"Natalia Sanguino\",\"description\":\"\",\"potentialAction\":[{\"@type\":\"SearchAction\",\"target\":\"https:\/\/nataliasanguino.com\/?s={search_term_string}\",\"query-input\":\"required name=search_term_string\"}],\"inLanguage\":\"es\"},{\"@type\":\"ImageObject\",\"@id\":\"https:\/\/nataliasanguino.com\/?p=268#primaryimage\",\"inLanguage\":\"es\",\"url\":\"https:\/\/nataliasanguino.com\/wp-content\/uploads\/2022\/08\/IMG_7713-copia-scaled.jpg\",\"width\":2560,\"height\":1704,\"caption\":\"Autor\\u00eda: Natalia Sanguino\"},{\"@type\":\"WebPage\",\"@id\":\"https:\/\/nataliasanguino.com\/?p=268#webpage\",\"url\":\"https:\/\/nataliasanguino.com\/?p=268\",\"name\":\"El segundo - Natalia Sanguino\",\"isPartOf\":{\"@id\":\"https:\/\/nataliasanguino.com\/#website\"},\"primaryImageOfPage\":{\"@id\":\"https:\/\/nataliasanguino.com\/?p=268#primaryimage\"},\"datePublished\":\"2022-09-22T17:20:13+00:00\",\"dateModified\":\"2022-09-22T17:20:15+00:00\",\"author\":{\"@id\":\"https:\/\/nataliasanguino.com\/#\/schema\/person\/e4009491d58235c00369a59fff42ee69\"},\"inLanguage\":\"es\",\"potentialAction\":[{\"@type\":\"ReadAction\",\"target\":[\"https:\/\/nataliasanguino.com\/?p=268\"]}]},{\"@type\":\"Person\",\"@id\":\"https:\/\/nataliasanguino.com\/#\/schema\/person\/e4009491d58235c00369a59fff42ee69\",\"name\":\"Natalia Sanguino\",\"image\":{\"@type\":\"ImageObject\",\"@id\":\"https:\/\/nataliasanguino.com\/#personlogo\",\"inLanguage\":\"es\",\"url\":\"https:\/\/secure.gravatar.com\/avatar\/21bd275e338dfa8aa961e032211a6f39?s=96&d=mm&r=g\",\"caption\":\"Natalia Sanguino\"}}]}<\/script>\n<!-- \/ Yoast SEO plugin. -->","_links":{"self":[{"href":"https:\/\/nataliasanguino.com\/index.php?rest_route=\/wp\/v2\/posts\/268"}],"collection":[{"href":"https:\/\/nataliasanguino.com\/index.php?rest_route=\/wp\/v2\/posts"}],"about":[{"href":"https:\/\/nataliasanguino.com\/index.php?rest_route=\/wp\/v2\/types\/post"}],"author":[{"embeddable":true,"href":"https:\/\/nataliasanguino.com\/index.php?rest_route=\/wp\/v2\/users\/1"}],"replies":[{"embeddable":true,"href":"https:\/\/nataliasanguino.com\/index.php?rest_route=%2Fwp%2Fv2%2Fcomments&post=268"}],"version-history":[{"count":2,"href":"https:\/\/nataliasanguino.com\/index.php?rest_route=\/wp\/v2\/posts\/268\/revisions"}],"predecessor-version":[{"id":270,"href":"https:\/\/nataliasanguino.com\/index.php?rest_route=\/wp\/v2\/posts\/268\/revisions\/270"}],"wp:featuredmedia":[{"embeddable":true,"href":"https:\/\/nataliasanguino.com\/index.php?rest_route=\/wp\/v2\/media\/262"}],"wp:attachment":[{"href":"https:\/\/nataliasanguino.com\/index.php?rest_route=%2Fwp%2Fv2%2Fmedia&parent=268"}],"wp:term":[{"taxonomy":"category","embeddable":true,"href":"https:\/\/nataliasanguino.com\/index.php?rest_route=%2Fwp%2Fv2%2Fcategories&post=268"},{"taxonomy":"post_tag","embeddable":true,"href":"https:\/\/nataliasanguino.com\/index.php?rest_route=%2Fwp%2Fv2%2Ftags&post=268"}],"curies":[{"name":"wp","href":"https:\/\/api.w.org\/{rel}","templated":true}]}}