{"id":414,"date":"2023-03-05T18:23:01","date_gmt":"2023-03-05T18:23:01","guid":{"rendered":"https:\/\/nataliasanguino.com\/?p=414"},"modified":"2023-03-05T18:23:04","modified_gmt":"2023-03-05T18:23:04","slug":"el-54-de-los-101","status":"publish","type":"post","link":"https:\/\/nataliasanguino.com\/?p=414","title":{"rendered":"El 54\u00ba de los 101"},"content":{"rendered":"\n<p>Vemos un televisor, solo la pantalla. Cortinilla azul sobre ella y\u2026<\/p>\n\n\n\n<p>(M\u00fasica estridente pero seria. Comienza el informativo de la noche)<\/p>\n\n\n\n<p>&#8211; Muy buenas noches, abrimos este informativo con una noticia de GRAN alcance de la que acabamos de tener AHORA MISMO conocimiento: se ha producido un secuestro, perd\u00f3n, no, un ROBO en el Museo del Prado, en el madrile\u00f1o Museo del Prado, como lo oyen, y ha tenido lugar hoy, 20 de marzo de 2020. El robo en la pinacoteca de la capital espa\u00f1ola ha tenido lugar mientras todos los espa\u00f1oles estamos en pleno confinamiento domiciliario, disculpen, disculpen que no les podamos dar m\u00e1s datos en este momento, pero ignoramos, eh\u2026 Estamos tratando de comprobar, de VERIFICAR, qu\u00e9 es lo que ha sido robado en el Museo del Prado de MA-DRID\u2026 Y bien, s\u00ed, me comunican\u2026 Eh\u2026 S\u00ed. S\u00ed, veamos, que lo que ha sido robado es el cuadro de Las Hilanderas de Vel\u00e1zquez, eh\u2026 Ah\u00ed lo est\u00e1n viendo en pantalla, es un cuadro de gran tama\u00f1o, ignoramos c\u00f3mo se ha producido el robo y la Polic\u00eda est\u00e1 trabajando para averiguar qui\u00e9n ha podido llevarse un cuadro tan famoso y\u2026 Bueno, a priori, no es algo que se pueda vender o subastar, es decir, no sabemos\u2026&nbsp;<\/p>\n\n\n\n<p>(Se extingue la voz)<\/p>\n\n\n\n<figure class=\"wp-block-image size-large\"><img decoding=\"async\" loading=\"lazy\" width=\"663\" height=\"494\" src=\"https:\/\/nataliasanguino.com\/wp-content\/uploads\/2023\/03\/image001.jpg\" alt=\"\" class=\"wp-image-416\" srcset=\"https:\/\/nataliasanguino.com\/wp-content\/uploads\/2023\/03\/image001.jpg 663w, https:\/\/nataliasanguino.com\/wp-content\/uploads\/2023\/03\/image001-300x224.jpg 300w, https:\/\/nataliasanguino.com\/wp-content\/uploads\/2023\/03\/image001-470x350.jpg 470w\" sizes=\"(max-width: 663px) 100vw, 663px\" \/><figcaption>Las Hilanderas (o La F\u00e1bula de Aracne), de Diego Vel\u00e1zquez<\/figcaption><\/figure>\n\n\n\n<p>Calle aleda\u00f1a al Museo del Prado. Madrugada del 19 al 20 de marzo de 2020.<\/p>\n\n\n\n<p>&#8211; \u00a1Corre, corre, corre!<\/p>\n\n\n\n<p>&#8211; Recu\u00e9rdame &#8211; voz entrecortada &#8211; por qu\u00e9 hacemos esto, por dios.<\/p>\n\n\n\n<p>&#8211; Para ver mundo, \u00a1y por la virgen!<\/p>\n\n\n\n<p>&#8211; \u00bfLa virgen?<\/p>\n\n\n\n<p>&#8211; M\u00edrala, ah\u00ed detr\u00e1s viene.<\/p>\n\n\n\n<p>&#8211; \u00bfC\u00f3mo que viene la Virgen, qu\u00e9 Virgen?<\/p>\n\n\n\n<p>&#8211; La de Murillo, chocho, m\u00edrala, ay que me parto, mira c\u00f3mo se sujeta las enaguas. Anda, jaca, \u00a1se nota que no has hecho t\u00fa ejercicio en tu vida n\u00e1 m\u00e1s que sujetar al cr\u00edo Jes\u00fas en brazos!<\/p>\n\n\n\n<figure class=\"wp-block-image size-large\"><img decoding=\"async\" loading=\"lazy\" width=\"402\" height=\"599\" src=\"https:\/\/nataliasanguino.com\/wp-content\/uploads\/2023\/03\/402px-Virgen_del_Rosario_Murillo.jpg\" alt=\"\" class=\"wp-image-417\" srcset=\"https:\/\/nataliasanguino.com\/wp-content\/uploads\/2023\/03\/402px-Virgen_del_Rosario_Murillo.jpg 402w, https:\/\/nataliasanguino.com\/wp-content\/uploads\/2023\/03\/402px-Virgen_del_Rosario_Murillo-201x300.jpg 201w, https:\/\/nataliasanguino.com\/wp-content\/uploads\/2023\/03\/402px-Virgen_del_Rosario_Murillo-235x350.jpg 235w\" sizes=\"(max-width: 402px) 100vw, 402px\" \/><figcaption>Virgen del Rosario, por Bartolom\u00e9 Esteban Murillo<\/figcaption><\/figure>\n\n\n\n<p>&#8211; \u00a1Pero no le hables as\u00ed a la Virgen!<\/p>\n\n\n\n<p>&#8211; Que viene asfixi\u00e1, que no me va a decir nada.<\/p>\n\n\n\n<p>&#8211; Vamos a ver, que hab\u00edamos quedado en que nos \u00edbamos t\u00fa y yo.<\/p>\n\n\n\n<p>&#8211; Y ser\u00e1 ahora culpa m\u00eda que la Virgen se aburra tambi\u00e9n.<\/p>\n\n\n\n<p>&#8211; Joder, seguro que se lo chivaste t\u00fa.<\/p>\n\n\n\n<p>&#8211; Y dale, que yo solo se lo dije a los del Jard\u00edn de las Delicias, a los del infierno. Pero como est\u00e1n todo el d\u00eda viendo a los de en medio dale que te pego al fornicio, pues no se quisieron mover. Desconfiada eres, co\u00f1o.<\/p>\n\n\n\n<p>&#8211; \u00bfSolo a ellos?<\/p>\n\n\n\n<p>&#8211; Sssss\u00ed.<\/p>\n\n\n\n<p>&#8211; Ay.<\/p>\n\n\n\n<p>&#8211; Bueno, me escuch\u00f3 Margarita.<\/p>\n\n\n\n<p>&#8211; Qu\u00e9 Margarita.<\/p>\n\n\n\n<p>&#8211; La ni\u00f1ata.<\/p>\n\n\n\n<p>&#8211; No me jodas\u2026 No me jodas que se lo has contado a la puta Menina.<\/p>\n\n\n\n<p>&#8211; Pero que no pasa naaaaaada. Mira, ya est\u00e1 aqu\u00ed la Virgen. \u00bfQu\u00e9 pasa, Charo?<\/p>\n\n\n\n<p>&#8211; Ay nenas, qu\u00e9 fatiguita llevo, \u00bfeh?&nbsp;<\/p>\n\n\n\n<p>&#8211; \u00bfY al cr\u00edo?<\/p>\n\n\n\n<p>&#8211; Al ni\u00f1o lo he dejado gateando por los pasillos del museo. \u00bfNo es el hijo de Dios? Pues que vaya espabilando.<\/p>\n\n\n\n<p>&#8211; \u00bfTe segu\u00eda alguien?<\/p>\n\n\n\n<p>&#8211; Creo que no\u2026 Oye, qu\u00e9 vac\u00edas estas calles, \u00bfno?<\/p>\n\n\n\n<p>&#8211; Mira, Charo, mejor eso que estar como est\u00e1bamos \u00e9sta y yo d\u00e1ndole todo el d\u00eda a la rueca, teje que teje, mientras la Aracne y la Palas Atenea \u201co sea, soy s\u00faper diosa\u201d se tiraban las horas muertas discutiendo ah\u00ed. Que c\u00f3mo pod\u00eda ser que nadie viniese a verlas, cuando ellas eran la hostia.<\/p>\n\n\n\n<p>&#8211; Pero c\u00f3mo va a ir la gente a verlas a ellas, si sois vosotras las que estabais delante, \u00bfno?<\/p>\n\n\n\n<p>&#8211; Eh, \u00bfeh? Pues eso les dec\u00eda yo, que si no es por mi espalda y por la labor de \u00e9sta, de qu\u00e9 se van a fijar en el fondo. \u00a1Y que qu\u00e9 sabr\u00e9 yo de pintura, me dec\u00edan!<\/p>\n\n\n\n<p>&#8211; Otra vez te lo tengo que explicar\u2026 Mira, mire, se\u00f1ora virgen, que es que nosotras tambi\u00e9n somos Atenea y Aracne, que es que esta mujer no se entera de nada.<\/p>\n\n\n\n<p>&#8211; Que c\u00f3mo vamos a ser nosotras las de atr\u00e1s, pesada, que somos tejedoras, que me lo cont\u00f3 a m\u00ed el Diego cuando estaba ah\u00ed con el pincelito\u2026<\/p>\n\n\n\n<p>(Se alejan agarr\u00e1ndose los faldones y gesticulando las tres)&nbsp;<\/p>\n\n\n\n<p>Pantalla de televisor, la presentadora del informativo habla con un experto en arte. La pantalla partida muestra a la periodista vestida con traje en el estudio de la televisi\u00f3n mientras que el experto en arte, algo desali\u00f1ado, parece estar en su despacho. Lleva una camisa de cuadros y gafas de montura negra. Ha aprovechado la semana de confinamiento para no afeitarse y no le ha dado tiempo a hacerlo para salir en pantalla. Se nota su nerviosismo por este hecho porque no para de mesarse la barba.<\/p>\n\n\n\n<p>&#8211; Entonces, por lo que parece, seg\u00fan nuestras fuentes, eh\u2026 Parece que los ladrones han cambiado un cuadro por otro, \u00bfno es as\u00ed?<\/p>\n\n\n\n<p>&#8211; S\u00ed, bueno, por lo que he podido averiguar yo tambi\u00e9n, lo que han hecho los delincuentes, bueno, o los activistas, porque yo aqu\u00ed lo que veo es, puede ser, un acto reivindicativo del tipo que sea, no s\u00e9\u2026 Lo que han hecho es poner en el cuadro de Las Hilanderas de Vel\u00e1zquez, \u00bfeh? O la F\u00e1bula de Aracne, esa obra, una de las cumbres de Vel\u00e1zquez, pues lo que han hecho es poner en su lugar un cuadro que es exactamente igual pero donde faltan las dos figuras de primer plano, la que est\u00e1 de espaldas y la que est\u00e1 de frente a \u00e9sta, en la otra rueca, mostrando ligeramente la pierna.<\/p>\n\n\n\n<p>(Aparece en pantalla el cuadro, se\u00f1alando las figuras desaparecidas)<\/p>\n\n\n\n<p>&#8211; Y usted cree que puede ser un acto reivindicativo entonces.<\/p>\n\n\n\n<p>&#8211; Bueno, es una opci\u00f3n, o para destacar algo, o para promocionar algo, yo qu\u00e9 s\u00e9, ya a estas alturas\u2026 Pero claro, no es el momento y no es prudente jugar, adem\u00e1s, con una obra antigua, una de las obras de arte m\u00e1s importantes, sin duda, que hay en el museo, \u00bfno? En el Prado.<\/p>\n\n\n\n<p>&#8211; Espere un segundo, espere porque me est\u00e1n comunicando que no es el \u00fanico cuadro sustra\u00eddo. Ha desaparecido en las mismas circunstancias la Virgen del Rosario de Murillo. Exactamente igual: han dejado un cuadro id\u00e9ntico pero sin las dos figuras, la de la virgen y el ni\u00f1o, que aparec\u00edan en esa obra.<\/p>\n\n\n\n<p>&#8211; Entonces ya s\u00ed que est\u00e1 claro, se tiene que tratar de alguna obra, de alg\u00fan gracioso, alg\u00fan chistoso, un artista que quiere darse a conocer\u2026 Algo. Porque no van a irse las figuras por ah\u00ed de parranda, \u00bfno?<\/p>\n\n\n\n<p>&#8211; Bueno, se\u00f1or Villegas, aunque no sea momento de hacer chistes, pero tendr\u00eda guasa, \u00bfno? Todos confinados y aqu\u00ed\u2026<\/p>\n\n\n\n<p>&#8211; Y aqu\u00ed dos tejedoras y una virgen y el ni\u00f1o de fiesta por Madrid, s\u00ed. \u00bfSe imagina?<\/p>\n\n\n\n<p>FIN<\/p>\n\n\n\n<p>PD: Pod\u00e9is saber m\u00e1s de Las Hilanderas y de la Virgen del Rosario <a href=\"https:\/\/www.youtube.com\/watch?v=SZ4XnMgT4jo\" target=\"_blank\" rel=\"noreferrer noopener\">aqu\u00ed<\/a> y <a href=\"https:\/\/www.museodelprado.es\/coleccion\/obra-de-arte\/la-virgen-del-rosario\/eb5f85ec-f95d-4709-ab09-693206bfb3f5\" target=\"_blank\" rel=\"noreferrer noopener\">aqu\u00ed<\/a>.<\/p>\n","protected":false},"excerpt":{"rendered":"<p>Vemos un televisor, solo la pantalla. Cortinilla azul sobre ella y\u2026 (M\u00fasica estridente pero seria. Comienza el informativo de la noche) &#8211; Muy buenas noches,&#8230;<\/p>\n<p><a class='more-link' href='https:\/\/nataliasanguino.com\/?p=414'>Leer m\u00e1s...<span class='screen-reader-text'>El 54\u00ba de los 101<\/span><\/a><\/p>","protected":false},"author":1,"featured_media":262,"comment_status":"open","ping_status":"open","sticky":false,"template":"","format":"standard","meta":[],"categories":[1],"tags":[],"yoast_head":"<!-- This site is optimized with the Yoast SEO plugin v15.0 - https:\/\/yoast.com\/wordpress\/plugins\/seo\/ -->\n<title>El 54\u00ba de los 101 - Natalia Sanguino<\/title>\n<meta name=\"robots\" content=\"index, follow, max-snippet:-1, max-image-preview:large, max-video-preview:-1\" \/>\n<link rel=\"canonical\" href=\"https:\/\/nataliasanguino.com\/?p=414\" \/>\n<meta property=\"og:locale\" content=\"es_ES\" \/>\n<meta property=\"og:type\" content=\"article\" \/>\n<meta property=\"og:title\" content=\"El 54\u00ba de los 101 - Natalia Sanguino\" \/>\n<meta property=\"og:description\" content=\"Vemos un televisor, solo la pantalla. Cortinilla azul sobre ella y\u2026 (M\u00fasica estridente pero seria. Comienza el informativo de la noche) &#8211; Muy buenas noches,&#8230;\" \/>\n<meta property=\"og:url\" content=\"https:\/\/nataliasanguino.com\/?p=414\" \/>\n<meta property=\"og:site_name\" content=\"Natalia Sanguino\" \/>\n<meta property=\"article:published_time\" content=\"2023-03-05T18:23:01+00:00\" \/>\n<meta property=\"article:modified_time\" content=\"2023-03-05T18:23:04+00:00\" \/>\n<meta property=\"og:image\" content=\"https:\/\/nataliasanguino.com\/wp-content\/uploads\/2022\/08\/IMG_7713-copia-scaled.jpg\" \/>\n\t<meta property=\"og:image:width\" content=\"2560\" \/>\n\t<meta property=\"og:image:height\" content=\"1704\" \/>\n<meta name=\"twitter:card\" content=\"summary\" \/>\n<meta name=\"twitter:creator\" content=\"@QuietBrown\" \/>\n<meta name=\"twitter:site\" content=\"@QuietBrown\" \/>\n<script type=\"application\/ld+json\" class=\"yoast-schema-graph\">{\"@context\":\"https:\/\/schema.org\",\"@graph\":[{\"@type\":\"WebSite\",\"@id\":\"https:\/\/nataliasanguino.com\/#website\",\"url\":\"https:\/\/nataliasanguino.com\/\",\"name\":\"Natalia Sanguino\",\"description\":\"\",\"potentialAction\":[{\"@type\":\"SearchAction\",\"target\":\"https:\/\/nataliasanguino.com\/?s={search_term_string}\",\"query-input\":\"required name=search_term_string\"}],\"inLanguage\":\"es\"},{\"@type\":\"ImageObject\",\"@id\":\"https:\/\/nataliasanguino.com\/?p=414#primaryimage\",\"inLanguage\":\"es\",\"url\":\"https:\/\/nataliasanguino.com\/wp-content\/uploads\/2022\/08\/IMG_7713-copia-scaled.jpg\",\"width\":2560,\"height\":1704,\"caption\":\"Autor\\u00eda: Natalia Sanguino\"},{\"@type\":\"WebPage\",\"@id\":\"https:\/\/nataliasanguino.com\/?p=414#webpage\",\"url\":\"https:\/\/nataliasanguino.com\/?p=414\",\"name\":\"El 54\\u00ba de los 101 - Natalia Sanguino\",\"isPartOf\":{\"@id\":\"https:\/\/nataliasanguino.com\/#website\"},\"primaryImageOfPage\":{\"@id\":\"https:\/\/nataliasanguino.com\/?p=414#primaryimage\"},\"datePublished\":\"2023-03-05T18:23:01+00:00\",\"dateModified\":\"2023-03-05T18:23:04+00:00\",\"author\":{\"@id\":\"https:\/\/nataliasanguino.com\/#\/schema\/person\/e4009491d58235c00369a59fff42ee69\"},\"inLanguage\":\"es\",\"potentialAction\":[{\"@type\":\"ReadAction\",\"target\":[\"https:\/\/nataliasanguino.com\/?p=414\"]}]},{\"@type\":\"Person\",\"@id\":\"https:\/\/nataliasanguino.com\/#\/schema\/person\/e4009491d58235c00369a59fff42ee69\",\"name\":\"Natalia Sanguino\",\"image\":{\"@type\":\"ImageObject\",\"@id\":\"https:\/\/nataliasanguino.com\/#personlogo\",\"inLanguage\":\"es\",\"url\":\"https:\/\/secure.gravatar.com\/avatar\/21bd275e338dfa8aa961e032211a6f39?s=96&d=mm&r=g\",\"caption\":\"Natalia Sanguino\"}}]}<\/script>\n<!-- \/ Yoast SEO plugin. -->","_links":{"self":[{"href":"https:\/\/nataliasanguino.com\/index.php?rest_route=\/wp\/v2\/posts\/414"}],"collection":[{"href":"https:\/\/nataliasanguino.com\/index.php?rest_route=\/wp\/v2\/posts"}],"about":[{"href":"https:\/\/nataliasanguino.com\/index.php?rest_route=\/wp\/v2\/types\/post"}],"author":[{"embeddable":true,"href":"https:\/\/nataliasanguino.com\/index.php?rest_route=\/wp\/v2\/users\/1"}],"replies":[{"embeddable":true,"href":"https:\/\/nataliasanguino.com\/index.php?rest_route=%2Fwp%2Fv2%2Fcomments&post=414"}],"version-history":[{"count":1,"href":"https:\/\/nataliasanguino.com\/index.php?rest_route=\/wp\/v2\/posts\/414\/revisions"}],"predecessor-version":[{"id":418,"href":"https:\/\/nataliasanguino.com\/index.php?rest_route=\/wp\/v2\/posts\/414\/revisions\/418"}],"wp:featuredmedia":[{"embeddable":true,"href":"https:\/\/nataliasanguino.com\/index.php?rest_route=\/wp\/v2\/media\/262"}],"wp:attachment":[{"href":"https:\/\/nataliasanguino.com\/index.php?rest_route=%2Fwp%2Fv2%2Fmedia&parent=414"}],"wp:term":[{"taxonomy":"category","embeddable":true,"href":"https:\/\/nataliasanguino.com\/index.php?rest_route=%2Fwp%2Fv2%2Fcategories&post=414"},{"taxonomy":"post_tag","embeddable":true,"href":"https:\/\/nataliasanguino.com\/index.php?rest_route=%2Fwp%2Fv2%2Ftags&post=414"}],"curies":[{"name":"wp","href":"https:\/\/api.w.org\/{rel}","templated":true}]}}